{"id":95049,"date":"2023-04-14T10:50:56","date_gmt":"2023-04-14T13:50:56","guid":{"rendered":"https:\/\/blogdoedvaldomagalhaes.com.br\/?p=95049"},"modified":"2023-04-14T10:54:06","modified_gmt":"2023-04-14T13:54:06","slug":"trio-e-capturado-e-produtosroubados-sao-recuperados","status":"publish","type":"post","link":"https:\/\/blogdoedvaldomagalhaes.com.br\/index.php\/2023\/04\/14\/trio-e-capturado-e-produtosroubados-sao-recuperados\/","title":{"rendered":"Trio \u00e9 capturado e produtos<br>roubados s\u00e3o recuperados"},"content":{"rendered":"<p style=\"text-align: justify;\"><span style=\"font-size: revert; color: initial;\">Policiais militares da 6\u00aa CIPM prenderam dois homens e apreenderam um adolescente, quinta-feira (13\/04), em Limoeiro. O efetivo foi informado sobre um roubo a um estabelecimento comercial em Paudalho, no qual os suspeitos fugiram na dire\u00e7\u00e3o da cidade do Agreste.<\/span><\/p>\n<p style=\"text-align: justify;\">Foi feito o rastreamento e o ve\u00edculo usado pelo grupo, localizado na Rodovia PE-50, pr\u00f3ximo \u00e0 Exposi\u00e7\u00e3o de Animais da cidade. No interior do carro havia uma arma artesanal, um celular com queixa de roubo, R$ 796,25 em esp\u00e9cie e diversas mercadorias do assalto, como medicamentos, produtos de higiene pessoal e perfumaria. Na casa de um dos envolvidos foram apreendidas ainda 664g de maconha e outros materiais roubados.<\/p>\n<p style=\"text-align: justify;\">Foi descoberto, ainda, que o adolescente \u00e9 foragido da Case de Vit\u00f3ria de Santo Ant\u00e3o. Diante de todos os fatos, o trio foi conduzido \u00e0 Delegacia de Pol\u00edcia Civil da cidade para a tomada das provid\u00eancias cab\u00edveis.<\/p>\n<p style=\"text-align: justify;\">Siga o Instagram do Blog @blogdoedvaldomagalhaes<\/p>\n\n\n<figure class=\"wp-block-image size-large\"><img loading=\"lazy\" decoding=\"async\" width=\"1024\" height=\"547\" src=\"https:\/\/blogdoedvaldomagalhaes.com.br\/wp-content\/uploads\/2023\/04\/IMG-20230414-WA0039-1024x547.jpg\" alt=\"\" class=\"wp-image-95053\" srcset=\"https:\/\/blogdoedvaldomagalhaes.com.br\/wp-content\/uploads\/2023\/04\/IMG-20230414-WA0039-1024x547.jpg 1024w, https:\/\/blogdoedvaldomagalhaes.com.br\/wp-content\/uploads\/2023\/04\/IMG-20230414-WA0039-300x160.jpg 300w, https:\/\/blogdoedvaldomagalhaes.com.br\/wp-content\/uploads\/2023\/04\/IMG-20230414-WA0039-768x410.jpg 768w, https:\/\/blogdoedvaldomagalhaes.com.br\/wp-content\/uploads\/2023\/04\/IMG-20230414-WA0039.jpg 1280w\" sizes=\"auto, (max-width: 1024px) 100vw, 1024px\" \/><figcaption class=\"wp-element-caption\">Fotos: Divulga\u00e7\u00e3o\/PMPE<\/figcaption><\/figure>\n","protected":false},"excerpt":{"rendered":"<p>Policiais militares da 6\u00aa CIPM prenderam dois homens e apreenderam um adolescente, quinta-feira (13\/04), em Limoeiro. O efetivo foi informado&hellip;<\/p>\n","protected":false},"author":1,"featured_media":95052,"comment_status":"closed","ping_status":"open","sticky":false,"template":"","format":"standard","meta":{"footnotes":""},"categories":[14121],"tags":[2,19532,3406,27257],"class_list":["post-95049","post","type-post","status-publish","format-standard","has-post-thumbnail","hentry","category-policial","tag-blog-do-edvaldo-magalhaes","tag-blog-mais-acessado-e-visualizado-de-caruaru-e-regiao","tag-caruaru","tag-trio-e-capturado-e-produtos-roubados-sao-recuperados"],"_links":{"self":[{"href":"https:\/\/blogdoedvaldomagalhaes.com.br\/index.php\/wp-json\/wp\/v2\/posts\/95049","targetHints":{"allow":["GET"]}}],"collection":[{"href":"https:\/\/blogdoedvaldomagalhaes.com.br\/index.php\/wp-json\/wp\/v2\/posts"}],"about":[{"href":"https:\/\/blogdoedvaldomagalhaes.com.br\/index.php\/wp-json\/wp\/v2\/types\/post"}],"author":[{"embeddable":true,"href":"https:\/\/blogdoedvaldomagalhaes.com.br\/index.php\/wp-json\/wp\/v2\/users\/1"}],"replies":[{"embeddable":true,"href":"https:\/\/blogdoedvaldomagalhaes.com.br\/index.php\/wp-json\/wp\/v2\/comments?post=95049"}],"version-history":[{"count":2,"href":"https:\/\/blogdoedvaldomagalhaes.com.br\/index.php\/wp-json\/wp\/v2\/posts\/95049\/revisions"}],"predecessor-version":[{"id":95054,"href":"https:\/\/blogdoedvaldomagalhaes.com.br\/index.php\/wp-json\/wp\/v2\/posts\/95049\/revisions\/95054"}],"wp:featuredmedia":[{"embeddable":true,"href":"https:\/\/blogdoedvaldomagalhaes.com.br\/index.php\/wp-json\/wp\/v2\/media\/95052"}],"wp:attachment":[{"href":"https:\/\/blogdoedvaldomagalhaes.com.br\/index.php\/wp-json\/wp\/v2\/media?parent=95049"}],"wp:term":[{"taxonomy":"category","embeddable":true,"href":"https:\/\/blogdoedvaldomagalhaes.com.br\/index.php\/wp-json\/wp\/v2\/categories?post=95049"},{"taxonomy":"post_tag","embeddable":true,"href":"https:\/\/blogdoedvaldomagalhaes.com.br\/index.php\/wp-json\/wp\/v2\/tags?post=95049"}],"curies":[{"name":"wp","href":"https:\/\/api.w.org\/{rel}","templated":true}]}}