{"id":95039,"date":"2023-04-14T08:22:30","date_gmt":"2023-04-14T11:22:30","guid":{"rendered":"https:\/\/blogdoedvaldomagalhaes.com.br\/?p=95039"},"modified":"2023-04-14T18:19:22","modified_gmt":"2023-04-14T21:19:22","slug":"incendio-deixa-mortos-e-feridos-em-casa-de-acolhimento-no-recife","status":"publish","type":"post","link":"https:\/\/blogdoedvaldomagalhaes.com.br\/index.php\/2023\/04\/14\/incendio-deixa-mortos-e-feridos-em-casa-de-acolhimento-no-recife\/","title":{"rendered":"Inc\u00eandio deixa mortos e feridos em Casa de Acolhimento, no Recife"},"content":{"rendered":"<p style=\"text-align: justify;\">Um inc\u00eandio atingiu uma Casa de Acolhimento, no bairro do Ipsep, na Zona Sul do Recife, na madrugada desta sexta-feira (14). O local abriga crian\u00e7as e adolescentes em situa\u00e7\u00e3o de risco social.<\/p>\n<p style=\"text-align: justify;\">Quatro pessoas morreram, sendo uma cuidadora e tr\u00eas crian\u00e7as no inc\u00eandio aconteceu no Lar Paulo de Tarso, localizado na rua Jer\u00f4nimo Her\u00e1clito, onde estavam 19 pessoas. Uma crian\u00e7a e um adulto morreram no local,&nbsp; duas crian\u00e7as morreram a caminho do hospital. Sete v\u00edtimas foram socorridas pelo Corpo de Bombeiros e oito por equipes do SAMU, sendo que oito foram levadas para o Hospital da Restaura\u00e7\u00e3o, cinco para o Hospital de Areia e duas para uma UPA .<\/p>\n<p style=\"text-align: justify;\">Siga o Instagram do Blog @blogdoedvaldomagalhaes<\/p>\n\n\n<figure class=\"wp-block-image size-large\"><img loading=\"lazy\" decoding=\"async\" width=\"1024\" height=\"1024\" src=\"https:\/\/blogdoedvaldomagalhaes.com.br\/wp-content\/uploads\/2023\/04\/IMG-20230414-WA0082-1024x1024.jpg\" alt=\"\" class=\"wp-image-95070\" srcset=\"https:\/\/blogdoedvaldomagalhaes.com.br\/wp-content\/uploads\/2023\/04\/IMG-20230414-WA0082-1024x1024.jpg 1024w, https:\/\/blogdoedvaldomagalhaes.com.br\/wp-content\/uploads\/2023\/04\/IMG-20230414-WA0082-300x300.jpg 300w, https:\/\/blogdoedvaldomagalhaes.com.br\/wp-content\/uploads\/2023\/04\/IMG-20230414-WA0082-150x150.jpg 150w, https:\/\/blogdoedvaldomagalhaes.com.br\/wp-content\/uploads\/2023\/04\/IMG-20230414-WA0082-768x768.jpg 768w, https:\/\/blogdoedvaldomagalhaes.com.br\/wp-content\/uploads\/2023\/04\/IMG-20230414-WA0082.jpg 1083w\" sizes=\"auto, (max-width: 1024px) 100vw, 1024px\" \/><\/figure>\n\n\n<p style=\"text-align: justify;\">O Minist\u00e9rio P\u00fablico de Pernambuco (MPPE), por meio das 1\u00aa, 2\u00aa e 33\u00aa Promotorias de Justi\u00e7a de Defesa da Cidadania da Capital e dos Centros de Apoio Operacional de Defesa da Inf\u00e2ncia e Juventude (CAO Inf\u00e2ncia e Juventude) e da Cidadania (CAO Cidadania), esteve no Instituto de Caridade Lar Paulo de Tarso, no bairro do Ipsep, na Zona Sul do Recife, na manh\u00e3 desta sexta-feira (14), para acompanhar as medidas de urg\u00eancia adotadas para salvaguardar a integridade das crian\u00e7as resgatadas.<\/p>\n<p style=\"text-align: justify;\">Segundo a Promotora de Justi\u00e7a Jecqueline Elihimas, o trabalho de apura\u00e7\u00e3o das raz\u00f5es do inc\u00eandio j\u00e1 foi iniciado pela Pol\u00edcia Civil, Instituto M\u00e9dico Legal (IML), Instituto de Criminal\u00edstica (IC) e Corpo de Bombeiros. Al\u00e9m disso, h\u00e1 um m\u00eas, foi realizada uma inspe\u00e7\u00e3o pela Promotoria, e, na ocasi\u00e3o, n\u00e3o foram identificadas irregularidades no local.<\/p>\n<p style=\"text-align: justify;\">A casa possu\u00eda 15 crian\u00e7as acolhidas no momento do incidente que resultou no \u00f3bito de tr\u00eas crian\u00e7as e uma cuidadora. Oito crian\u00e7as encontram-se em estado grave, no Hospital da Restaura\u00e7\u00e3o, enquanto outras quatro est\u00e3o em estado est\u00e1vel, no Hospital Geral de Areias (PAM).<\/p>\n<p style=\"text-align: justify;\">*Doa\u00e7\u00f5es* &#8211; Diante da grave situa\u00e7\u00e3o, a institui\u00e7\u00e3o est\u00e1 recebendo doa\u00e7\u00f5es. Est\u00e3o necessitando de: sof\u00e1, camas, guarda-roupa, geladeira, fog\u00e3o,TVs, utens\u00edlios de cozinha, ventiladores, mesas e cadeiras, al\u00e9m de roupas, sapatos e brinquedos para meninas de 0 a 11 anos e meninos de 6 a 11 anos. Veja como colaborar:<\/p>\n<p style=\"text-align: justify;\">Pix: 35.618.933\/0001-21 (CNPJ)<br \/>Raz\u00e3o social: Institui\u00e7\u00e3o de Caridade Lar Paulo de Tarso<br \/>Banco: Banco do Brasil (001)<br \/>Ag\u00eancia: 1245-9<br \/>Conta corrente: 119346-5<\/p>\n<p>Ponto de coleta<br \/>Minist\u00e9rio P\u00fablico de Pernambuco &#8211; Ed. Roberto Lyra.<br \/>Rua do Imperador Pedro II, 473.<br \/>Santo Ant\u00f4nio &#8211; Recife\/PE<br \/>Entregar na administra\u00e7\u00e3o do pr\u00e9dio<\/p>","protected":false},"excerpt":{"rendered":"<p>Um inc\u00eandio atingiu uma Casa de Acolhimento, no bairro do Ipsep, na Zona Sul do Recife, na madrugada desta sexta-feira&hellip;<\/p>\n","protected":false},"author":1,"featured_media":95040,"comment_status":"closed","ping_status":"open","sticky":false,"template":"","format":"standard","meta":{"footnotes":""},"categories":[14120],"tags":[2,19532,3406,27256],"class_list":["post-95039","post","type-post","status-publish","format-standard","has-post-thumbnail","hentry","category-noticias","tag-blog-do-edvaldo-magalhaes","tag-blog-mais-acessado-e-visualizado-de-caruaru-e-regiao","tag-caruaru","tag-incendio-deixa-mortos-e-feridos-em-casa-de-acolhimento-no-recife"],"_links":{"self":[{"href":"https:\/\/blogdoedvaldomagalhaes.com.br\/index.php\/wp-json\/wp\/v2\/posts\/95039","targetHints":{"allow":["GET"]}}],"collection":[{"href":"https:\/\/blogdoedvaldomagalhaes.com.br\/index.php\/wp-json\/wp\/v2\/posts"}],"about":[{"href":"https:\/\/blogdoedvaldomagalhaes.com.br\/index.php\/wp-json\/wp\/v2\/types\/post"}],"author":[{"embeddable":true,"href":"https:\/\/blogdoedvaldomagalhaes.com.br\/index.php\/wp-json\/wp\/v2\/users\/1"}],"replies":[{"embeddable":true,"href":"https:\/\/blogdoedvaldomagalhaes.com.br\/index.php\/wp-json\/wp\/v2\/comments?post=95039"}],"version-history":[{"count":6,"href":"https:\/\/blogdoedvaldomagalhaes.com.br\/index.php\/wp-json\/wp\/v2\/posts\/95039\/revisions"}],"predecessor-version":[{"id":95071,"href":"https:\/\/blogdoedvaldomagalhaes.com.br\/index.php\/wp-json\/wp\/v2\/posts\/95039\/revisions\/95071"}],"wp:featuredmedia":[{"embeddable":true,"href":"https:\/\/blogdoedvaldomagalhaes.com.br\/index.php\/wp-json\/wp\/v2\/media\/95040"}],"wp:attachment":[{"href":"https:\/\/blogdoedvaldomagalhaes.com.br\/index.php\/wp-json\/wp\/v2\/media?parent=95039"}],"wp:term":[{"taxonomy":"category","embeddable":true,"href":"https:\/\/blogdoedvaldomagalhaes.com.br\/index.php\/wp-json\/wp\/v2\/categories?post=95039"},{"taxonomy":"post_tag","embeddable":true,"href":"https:\/\/blogdoedvaldomagalhaes.com.br\/index.php\/wp-json\/wp\/v2\/tags?post=95039"}],"curies":[{"name":"wp","href":"https:\/\/api.w.org\/{rel}","templated":true}]}}