{"id":95035,"date":"2023-04-13T23:25:17","date_gmt":"2023-04-14T02:25:17","guid":{"rendered":"https:\/\/blogdoedvaldomagalhaes.com.br\/?p=95035"},"modified":"2023-04-13T23:29:07","modified_gmt":"2023-04-14T02:29:07","slug":"vereador-irmao-ronaldo-pede-construcao-de-ponte-no-lugar-da-passagem-molhada-no-bairro-severino-afonso","status":"publish","type":"post","link":"https:\/\/blogdoedvaldomagalhaes.com.br\/index.php\/2023\/04\/13\/vereador-irmao-ronaldo-pede-construcao-de-ponte-no-lugar-da-passagem-molhada-no-bairro-severino-afonso\/","title":{"rendered":"Vereador Irm\u00e3o Ronaldo pede constru\u00e7\u00e3o de ponte no lugar da passagem molhada no bairro Severino Afonso"},"content":{"rendered":"<p class=\"s3\" style=\"text-align: justify;\"><span class=\"s7\">Confira os requerimentos de autoria do vereador Irm\u00e3o Ronaldo:<\/span><\/p>\n<p class=\"s3\" style=\"text-align: justify;\"><span class=\"s7\">Requerimento<\/span> <span class=\"s8\">para que se Viabilize a Reforma e Requalifica\u00e7\u00e3o dos canteiros que dividem as Avenidas: Bel\u00e9m do S\u00e3o Francisco e Jo\u00e3o Soares de Lira, ambas localizadas no Jardim Boa Vista.<\/span><\/p>\n<p class=\"s3\" style=\"text-align: justify;\"><span class=\"s7\">Requerimento<\/span> <span class=\"s8\">para que viabilize a constru\u00e7\u00e3o de uma pracinha na entrada da Vila da <\/span><span class=\"s8\">Portelinha<\/span><span class=\"s8\">, no Bairro Santa Rosa.<\/span><\/p>\n<p class=\"s3\" style=\"text-align: justify;\"><span class=\"s7\">Requerimento<\/span> <span class=\"s8\">Para que envidem esfor\u00e7os para Construir uma Ponte no lugar da passagem molhada que est\u00e1 sendo feita entre a Rua Pedro Guarda e a Avenida <\/span><span class=\"s8\">Panamericana<\/span><span class=\"s8\">, bairro Severino Afonso.<\/span><\/p>\n<p class=\"s3\" style=\"text-align: justify;\"><span class=\"s7\">Requerimento<\/span> <span class=\"s8\">Para que envidem esfor\u00e7os para fazer o Recapeamento do asfalto nas ruas S\u00e3o Nicolau de Mira e Rua Jo\u00e3o Francisco Lisboa, bairro Jo\u00e3o Mota.<\/span><\/p>\n<p class=\"s3\" style=\"text-align: justify;\"><span class=\"s7\">Requerimento<\/span> <span class=\"s8\">Para que envidem esfor\u00e7os com a Opera\u00e7\u00e3o Tapa Buracos, para Recuperar a Rua Jo\u00e3o Batista de Lima, bairro Severino Afonso.<\/span><\/p>\n<p>Foto: Vladimir Barreto.<\/p>\n<p>Siga o Instagram do Blog @blogdoedvaldomagalhaes<\/p>\n","protected":false},"excerpt":{"rendered":"<p>Confira os requerimentos de autoria do vereador Irm\u00e3o Ronaldo: Requerimento para que se Viabilize a Reforma e Requalifica\u00e7\u00e3o dos canteiros&hellip;<\/p>\n","protected":false},"author":1,"featured_media":93057,"comment_status":"closed","ping_status":"open","sticky":false,"template":"","format":"standard","meta":{"footnotes":""},"categories":[14122],"tags":[2,19532,3406,27255],"class_list":["post-95035","post","type-post","status-publish","format-standard","has-post-thumbnail","hentry","category-politica","tag-blog-do-edvaldo-magalhaes","tag-blog-mais-acessado-e-visualizado-de-caruaru-e-regiao","tag-caruaru","tag-vereador-irmao-ronaldo-pede-construcao-de-ponte-no-lugar-da-passagem-molhada-no-bairro-severino-afonso"],"_links":{"self":[{"href":"https:\/\/blogdoedvaldomagalhaes.com.br\/index.php\/wp-json\/wp\/v2\/posts\/95035","targetHints":{"allow":["GET"]}}],"collection":[{"href":"https:\/\/blogdoedvaldomagalhaes.com.br\/index.php\/wp-json\/wp\/v2\/posts"}],"about":[{"href":"https:\/\/blogdoedvaldomagalhaes.com.br\/index.php\/wp-json\/wp\/v2\/types\/post"}],"author":[{"embeddable":true,"href":"https:\/\/blogdoedvaldomagalhaes.com.br\/index.php\/wp-json\/wp\/v2\/users\/1"}],"replies":[{"embeddable":true,"href":"https:\/\/blogdoedvaldomagalhaes.com.br\/index.php\/wp-json\/wp\/v2\/comments?post=95035"}],"version-history":[{"count":2,"href":"https:\/\/blogdoedvaldomagalhaes.com.br\/index.php\/wp-json\/wp\/v2\/posts\/95035\/revisions"}],"predecessor-version":[{"id":95038,"href":"https:\/\/blogdoedvaldomagalhaes.com.br\/index.php\/wp-json\/wp\/v2\/posts\/95035\/revisions\/95038"}],"wp:featuredmedia":[{"embeddable":true,"href":"https:\/\/blogdoedvaldomagalhaes.com.br\/index.php\/wp-json\/wp\/v2\/media\/93057"}],"wp:attachment":[{"href":"https:\/\/blogdoedvaldomagalhaes.com.br\/index.php\/wp-json\/wp\/v2\/media?parent=95035"}],"wp:term":[{"taxonomy":"category","embeddable":true,"href":"https:\/\/blogdoedvaldomagalhaes.com.br\/index.php\/wp-json\/wp\/v2\/categories?post=95035"},{"taxonomy":"post_tag","embeddable":true,"href":"https:\/\/blogdoedvaldomagalhaes.com.br\/index.php\/wp-json\/wp\/v2\/tags?post=95035"}],"curies":[{"name":"wp","href":"https:\/\/api.w.org\/{rel}","templated":true}]}}