{"id":95032,"date":"2023-04-13T23:08:57","date_gmt":"2023-04-14T02:08:57","guid":{"rendered":"https:\/\/blogdoedvaldomagalhaes.com.br\/?p=95032"},"modified":"2023-04-13T23:08:59","modified_gmt":"2023-04-14T02:08:59","slug":"vereador-mano-do-som-pede-acoes-de-prevencao-e-enfrentamento-contra-atentados-praticados-nas-escolas-e-volta-da-patrulha-escolar","status":"publish","type":"post","link":"https:\/\/blogdoedvaldomagalhaes.com.br\/index.php\/2023\/04\/13\/vereador-mano-do-som-pede-acoes-de-prevencao-e-enfrentamento-contra-atentados-praticados-nas-escolas-e-volta-da-patrulha-escolar\/","title":{"rendered":"Vereador Mano do Som pede a\u00e7\u00f5es de preven\u00e7\u00e3o e enfrentamento contra atentados praticados nas escolas e volta da Patrulha Escolar"},"content":{"rendered":"<p style=\"text-align: justify;\">Trata-se de um importante pleito para todos os cidad\u00e3os pernambucanos, pois, tal proposi\u00e7\u00e3o visa garantir direitos aos professores, alunos, pais, demais profissionais da rede de educa\u00e7\u00e3o, devido aos crescentes atentados violentos que veem crescendo no Brasil.<\/p>\n<p style=\"text-align: justify;\">Lembrado que algumas escolas podem ter falhas no sistema de seguran\u00e7a, o que permite que pessoas n\u00e3o autorizadas adentrem o local. Por isso, a necessidade de um sistema de seguran\u00e7a adequado para ajudar a prevenir esses tipos de incidentes ou minimizar seu impacto.<\/p>\n<p style=\"text-align: justify;\">&#8220;Neste sentido, a presta\u00e7\u00e3o dos servi\u00e7os p\u00fablicos indicados nesta propositura, com a brevidade necess\u00e1ria, resultar\u00e1 na melhoria da qualidade de vida da popula\u00e7\u00e3o, garantindo a dignidade da pessoa humana, maior conforto, seguran\u00e7a, sa\u00fade e harmonia para todos&#8221;, afirmou o vereador Mano do Som.<\/p>\n<p style=\"text-align: justify;\">Siga o Instagram do Blog @blogdoedvaldomagalhaes<\/p>\n","protected":false},"excerpt":{"rendered":"<p>Trata-se de um importante pleito para todos os cidad\u00e3os pernambucanos, pois, tal proposi\u00e7\u00e3o visa garantir direitos aos professores, alunos, pais,&hellip;<\/p>\n","protected":false},"author":1,"featured_media":95033,"comment_status":"closed","ping_status":"open","sticky":false,"template":"","format":"standard","meta":{"footnotes":""},"categories":[14122],"tags":[2,19532,3406,20295,27254],"class_list":["post-95032","post","type-post","status-publish","format-standard","has-post-thumbnail","hentry","category-politica","tag-blog-do-edvaldo-magalhaes","tag-blog-mais-acessado-e-visualizado-de-caruaru-e-regiao","tag-caruaru","tag-politica-2","tag-vereador-mano-do-som-pede-acoes-de-prevencao-e-enfrentamento-contra-atentados-praticados-nas-escolas-e-volta-da-patrulha-escolar"],"_links":{"self":[{"href":"https:\/\/blogdoedvaldomagalhaes.com.br\/index.php\/wp-json\/wp\/v2\/posts\/95032","targetHints":{"allow":["GET"]}}],"collection":[{"href":"https:\/\/blogdoedvaldomagalhaes.com.br\/index.php\/wp-json\/wp\/v2\/posts"}],"about":[{"href":"https:\/\/blogdoedvaldomagalhaes.com.br\/index.php\/wp-json\/wp\/v2\/types\/post"}],"author":[{"embeddable":true,"href":"https:\/\/blogdoedvaldomagalhaes.com.br\/index.php\/wp-json\/wp\/v2\/users\/1"}],"replies":[{"embeddable":true,"href":"https:\/\/blogdoedvaldomagalhaes.com.br\/index.php\/wp-json\/wp\/v2\/comments?post=95032"}],"version-history":[{"count":1,"href":"https:\/\/blogdoedvaldomagalhaes.com.br\/index.php\/wp-json\/wp\/v2\/posts\/95032\/revisions"}],"predecessor-version":[{"id":95034,"href":"https:\/\/blogdoedvaldomagalhaes.com.br\/index.php\/wp-json\/wp\/v2\/posts\/95032\/revisions\/95034"}],"wp:featuredmedia":[{"embeddable":true,"href":"https:\/\/blogdoedvaldomagalhaes.com.br\/index.php\/wp-json\/wp\/v2\/media\/95033"}],"wp:attachment":[{"href":"https:\/\/blogdoedvaldomagalhaes.com.br\/index.php\/wp-json\/wp\/v2\/media?parent=95032"}],"wp:term":[{"taxonomy":"category","embeddable":true,"href":"https:\/\/blogdoedvaldomagalhaes.com.br\/index.php\/wp-json\/wp\/v2\/categories?post=95032"},{"taxonomy":"post_tag","embeddable":true,"href":"https:\/\/blogdoedvaldomagalhaes.com.br\/index.php\/wp-json\/wp\/v2\/tags?post=95032"}],"curies":[{"name":"wp","href":"https:\/\/api.w.org\/{rel}","templated":true}]}}