{"id":95029,"date":"2023-04-13T21:44:00","date_gmt":"2023-04-14T00:44:00","guid":{"rendered":"https:\/\/blogdoedvaldomagalhaes.com.br\/?p=95029"},"modified":"2023-04-13T21:44:01","modified_gmt":"2023-04-14T00:44:01","slug":"vale-transporte-garante-direito-de-ir-e-vir-ao-trabalhador-leva-explica-como-solicitar-o-direito","status":"publish","type":"post","link":"https:\/\/blogdoedvaldomagalhaes.com.br\/index.php\/2023\/04\/13\/vale-transporte-garante-direito-de-ir-e-vir-ao-trabalhador-leva-explica-como-solicitar-o-direito\/","title":{"rendered":"Vale-transporte garante direito de ir e vir ao trabalhador; Leva explica como solicitar o direito"},"content":{"rendered":"<p style=\"text-align: justify;\"><span style=\"color: initial; font-size: revert;\">O vale-transporte \u00e9 um direito do trabalhador e est\u00e1 previsto na Lei n\u00ba 7.418\/1985, para garantir o deslocamento do trabalhador de casa-trabalho e vice-versa, atrav\u00e9s do Sistema de Transporte P\u00fablico de Passageiros (STPP).<\/span><\/p>\n<p style=\"text-align: justify;\">Para ter acesso ao direito, o trabalhador deve entrar em contato com o Departamento de Recursos Humanos (RH) ou o Departamento Pessoal (DP) da empresa onde trabalha ou, no caso dos servidores p\u00fablicos municipais, da secretaria onde est\u00e1 lotado e a empresa\/secretaria entrar\u00e1 em contato com o Leva para realizar o cadastro. Ap\u00f3s isso, o Leva far\u00e1 a confec\u00e7\u00e3o e a distribui\u00e7\u00e3o do cart\u00e3o Vale-transporte.<\/p>\n<p style=\"text-align: justify;\">\u201cO vale-transporte \u00e9 um direito garantido por lei para todos os trabalhadores, sejam eles da esfera p\u00fablica ou privada. O direito \u00e9 concedido para garantir o ir e vir desses trabalhadores\u201d, disse a diretora executiva do Leva, Adriana Leite.<\/p>\n<p style=\"text-align: justify;\">As empresas que concedem o Vale-transporte para seus trabalhadores tamb\u00e9m garantem in\u00fameras vantagens. Entre elas est\u00e3o: a garantia que o trabalhador ter\u00e1 como chegar ao seu destino casa\/trabalho e vice-versa; maior seguran\u00e7a em caso de perda, roubo ou furto dos cart\u00f5es; trabalhadores mais satisfeitos e, al\u00e9m disso, a empresa estar\u00e1 em dia com suas obriga\u00e7\u00f5es trabalhistas, n\u00e3o gerando passivos trabalhistas.<\/p>\n<p style=\"text-align: justify;\">Outro ponto positivo \u00e9 que as despesas com a concess\u00e3o do vale-transporte s\u00e3o dedut\u00edveis no Imposto de Renda, constando como despesa operacional. J\u00e1 as empresas que n\u00e3o cumprirem com a concess\u00e3o do vale-transporte, estar\u00e3o sujeitas a receberem multas e a\u00e7\u00f5es trabalhistas, caso o trabalhador opte por reclamar os valores com juros e corre\u00e7\u00e3o monet\u00e1ria.<\/p>\n<p style=\"text-align: justify;\">As empresas devem fazer seu cadastro em nosso site (www.cartaoleva.com.br), no caso de d\u00favidas entrar em contato com o Leva atrav\u00e9s do n\u00famero: (81) 3722-4974 ou pelo e-mail: cadastro@aetpc.com.br e, tamb\u00e9m, na loja.<\/p>\n<p style=\"text-align: justify;\">O Leva funciona de segunda a sexta-feira, das 8h \u00e0s 18h e, aos s\u00e1bados, das 8h \u00e0s 12h. A sede do Leva fica localizada na Pra\u00e7a Presidente Get\u00falio Vargas (Pra\u00e7a do Ros\u00e1rio), n\u00ba 87, no Centro.<\/p>\n<p style=\"text-align: justify;\">Siga o Instagram do Blog @blogdoedvaldomagalhaes<\/p>\n","protected":false},"excerpt":{"rendered":"<p>O vale-transporte \u00e9 um direito do trabalhador e est\u00e1 previsto na Lei n\u00ba 7.418\/1985, para garantir o deslocamento do trabalhador&hellip;<\/p>\n","protected":false},"author":1,"featured_media":95030,"comment_status":"closed","ping_status":"open","sticky":false,"template":"","format":"standard","meta":{"footnotes":""},"categories":[14120],"tags":[2,19532,3406,27253],"class_list":["post-95029","post","type-post","status-publish","format-standard","has-post-thumbnail","hentry","category-noticias","tag-blog-do-edvaldo-magalhaes","tag-blog-mais-acessado-e-visualizado-de-caruaru-e-regiao","tag-caruaru","tag-vale-transporte-garante-direito-de-ir-e-vir-ao-trabalhador-leva-explica-como-trabalhador-pode-solicitar-o-direito"],"_links":{"self":[{"href":"https:\/\/blogdoedvaldomagalhaes.com.br\/index.php\/wp-json\/wp\/v2\/posts\/95029","targetHints":{"allow":["GET"]}}],"collection":[{"href":"https:\/\/blogdoedvaldomagalhaes.com.br\/index.php\/wp-json\/wp\/v2\/posts"}],"about":[{"href":"https:\/\/blogdoedvaldomagalhaes.com.br\/index.php\/wp-json\/wp\/v2\/types\/post"}],"author":[{"embeddable":true,"href":"https:\/\/blogdoedvaldomagalhaes.com.br\/index.php\/wp-json\/wp\/v2\/users\/1"}],"replies":[{"embeddable":true,"href":"https:\/\/blogdoedvaldomagalhaes.com.br\/index.php\/wp-json\/wp\/v2\/comments?post=95029"}],"version-history":[{"count":1,"href":"https:\/\/blogdoedvaldomagalhaes.com.br\/index.php\/wp-json\/wp\/v2\/posts\/95029\/revisions"}],"predecessor-version":[{"id":95031,"href":"https:\/\/blogdoedvaldomagalhaes.com.br\/index.php\/wp-json\/wp\/v2\/posts\/95029\/revisions\/95031"}],"wp:featuredmedia":[{"embeddable":true,"href":"https:\/\/blogdoedvaldomagalhaes.com.br\/index.php\/wp-json\/wp\/v2\/media\/95030"}],"wp:attachment":[{"href":"https:\/\/blogdoedvaldomagalhaes.com.br\/index.php\/wp-json\/wp\/v2\/media?parent=95029"}],"wp:term":[{"taxonomy":"category","embeddable":true,"href":"https:\/\/blogdoedvaldomagalhaes.com.br\/index.php\/wp-json\/wp\/v2\/categories?post=95029"},{"taxonomy":"post_tag","embeddable":true,"href":"https:\/\/blogdoedvaldomagalhaes.com.br\/index.php\/wp-json\/wp\/v2\/tags?post=95029"}],"curies":[{"name":"wp","href":"https:\/\/api.w.org\/{rel}","templated":true}]}}