{"id":95026,"date":"2023-04-13T19:10:02","date_gmt":"2023-04-13T22:10:02","guid":{"rendered":"https:\/\/blogdoedvaldomagalhaes.com.br\/?p=95026"},"modified":"2023-04-13T19:10:04","modified_gmt":"2023-04-13T22:10:04","slug":"a-pedido-de-anderson-correia-camara-de-caruaru-vai-realizar-audiencia-publica-sobre-seguranca-nas-escolas","status":"publish","type":"post","link":"https:\/\/blogdoedvaldomagalhaes.com.br\/index.php\/2023\/04\/13\/a-pedido-de-anderson-correia-camara-de-caruaru-vai-realizar-audiencia-publica-sobre-seguranca-nas-escolas\/","title":{"rendered":"A pedido de Anderson Correia, C\u00e2mara de Caruaru vai realizar audi\u00eancia p\u00fablica sobre seguran\u00e7a nas escolas"},"content":{"rendered":"<p style=\"text-align: justify;\"><span style=\"color: initial; font-size: revert;\">Preocupado com o cen\u00e1rio de inseguran\u00e7a devido \u00e0s amea\u00e7as de ataques \u00e0s escolas de Caruaru, feitas nas redes sociais, o vereador Anderson Correia (PP) solicitou a realiza\u00e7\u00e3o de uma audi\u00eancia p\u00fablica para discutir sobre a seguran\u00e7a nas escolas da Capital do Agreste, com diversos \u00f3rg\u00e3os de seguran\u00e7a p\u00fablica e ligados \u00e0 educa\u00e7\u00e3o. O pedido do parlamentar foi atendido e j\u00e1 autorizado pela Casa, que vai realizar audi\u00eancia na pr\u00f3xima quarta-feira, dia 19 de abril, \u00e0s 10h.<\/span><\/p>\n<p style=\"text-align: justify;\">Foram convidados para o debate diversos \u00f3rg\u00e3os de seguran\u00e7a p\u00fablica, a exemplo da Pol\u00edcia Federal, Pol\u00edcia Civil, Pol\u00edcia Militar \u2013 com representantes do 4\u00ba Batalh\u00e3o e do Dinter I \u2013, Guarda Municipal, Corpo de Bombeiros, representantes da Secretaria de Defesa Social (SDS), al\u00e9m da OAB Caruaru, Disque Den\u00fancia, GRE Agreste Centro Norte (Caruaru) e Secretaria de Educa\u00e7\u00e3o.<\/p>\n<p style=\"text-align: justify;\">\u201cN\u00e3o podemos ficar inertes ao que est\u00e1 acontecendo. Precisamos nos mobilizar para pensarmos pol\u00edticas p\u00fablicas eficazes no combate a toda a\u00e7\u00e3o criminosa provenientes de amea\u00e7as nas redes sociais ou em outros meios. Ser\u00e1 um momento onde todos juntos uniremos for\u00e7as para levar tranquilidade aos estudantes, pais, professores e sociedade em geral, que est\u00e3o assustados e inseguros diante dos fatos que v\u00eam acontecendo recentemente. Queremos convidar tamb\u00e9m a popula\u00e7\u00e3o e toda a imprensa para unir for\u00e7as com a gente nessa audi\u00eancia p\u00fablica\u201d, destacou Anderson.<\/p>\n<p style=\"text-align: justify;\">Foto: Divulga\u00e7\u00e3o\/PMPE.<\/p>\n<p style=\"text-align: justify;\">Siga o Instagram do Blog @blogdoedvaldomagalhaes<\/p>\n","protected":false},"excerpt":{"rendered":"<p>Preocupado com o cen\u00e1rio de inseguran\u00e7a devido \u00e0s amea\u00e7as de ataques \u00e0s escolas de Caruaru, feitas nas redes sociais, o&hellip;<\/p>\n","protected":false},"author":1,"featured_media":95027,"comment_status":"closed","ping_status":"open","sticky":false,"template":"","format":"standard","meta":{"footnotes":""},"categories":[14122],"tags":[27252,2,19532,3406,20],"class_list":["post-95026","post","type-post","status-publish","format-standard","has-post-thumbnail","hentry","category-politica","tag-a-pedido-de-anderson-correia-camara-de-caruaru-vai-realizar-audiencia-publica-sobre-seguranca-nas-escolas","tag-blog-do-edvaldo-magalhaes","tag-blog-mais-acessado-e-visualizado-de-caruaru-e-regiao","tag-caruaru","tag-politica"],"_links":{"self":[{"href":"https:\/\/blogdoedvaldomagalhaes.com.br\/index.php\/wp-json\/wp\/v2\/posts\/95026","targetHints":{"allow":["GET"]}}],"collection":[{"href":"https:\/\/blogdoedvaldomagalhaes.com.br\/index.php\/wp-json\/wp\/v2\/posts"}],"about":[{"href":"https:\/\/blogdoedvaldomagalhaes.com.br\/index.php\/wp-json\/wp\/v2\/types\/post"}],"author":[{"embeddable":true,"href":"https:\/\/blogdoedvaldomagalhaes.com.br\/index.php\/wp-json\/wp\/v2\/users\/1"}],"replies":[{"embeddable":true,"href":"https:\/\/blogdoedvaldomagalhaes.com.br\/index.php\/wp-json\/wp\/v2\/comments?post=95026"}],"version-history":[{"count":1,"href":"https:\/\/blogdoedvaldomagalhaes.com.br\/index.php\/wp-json\/wp\/v2\/posts\/95026\/revisions"}],"predecessor-version":[{"id":95028,"href":"https:\/\/blogdoedvaldomagalhaes.com.br\/index.php\/wp-json\/wp\/v2\/posts\/95026\/revisions\/95028"}],"wp:featuredmedia":[{"embeddable":true,"href":"https:\/\/blogdoedvaldomagalhaes.com.br\/index.php\/wp-json\/wp\/v2\/media\/95027"}],"wp:attachment":[{"href":"https:\/\/blogdoedvaldomagalhaes.com.br\/index.php\/wp-json\/wp\/v2\/media?parent=95026"}],"wp:term":[{"taxonomy":"category","embeddable":true,"href":"https:\/\/blogdoedvaldomagalhaes.com.br\/index.php\/wp-json\/wp\/v2\/categories?post=95026"},{"taxonomy":"post_tag","embeddable":true,"href":"https:\/\/blogdoedvaldomagalhaes.com.br\/index.php\/wp-json\/wp\/v2\/tags?post=95026"}],"curies":[{"name":"wp","href":"https:\/\/api.w.org\/{rel}","templated":true}]}}