{"id":95016,"date":"2023-04-13T13:10:55","date_gmt":"2023-04-13T16:10:55","guid":{"rendered":"https:\/\/blogdoedvaldomagalhaes.com.br\/?p=95016"},"modified":"2023-04-13T13:59:58","modified_gmt":"2023-04-13T16:59:58","slug":"jorge-quintino-exige-obrigatoriedade-de-curso-de-formacao-em-primeiros-socorros-nas-escolas-aos-professores-funcionarios-e-alunos","status":"publish","type":"post","link":"https:\/\/blogdoedvaldomagalhaes.com.br\/index.php\/2023\/04\/13\/jorge-quintino-exige-obrigatoriedade-de-curso-de-formacao-em-primeiros-socorros-nas-escolas-aos-professores-funcionarios-e-alunos\/","title":{"rendered":"Jorge Quintino exige obrigatoriedade de curso de forma\u00e7\u00e3o em primeiros socorros nas escolas aos professores, funcion\u00e1rios e alunos"},"content":{"rendered":"<p style=\"text-align: justify;\"><span style=\"color: initial; font-size: revert;\">Na tarde desta quinta-feira (13), ser\u00e1 realizada a 19\u00aa sess\u00e3o legislativa na C\u00e2mara de Vereadores de Caruaru. Durante a reuni\u00e3o, o vereador Jorge Quintino (SD) usar\u00e1 a tribuna para solicitar \u00e0 Mesa Diretora da Casa que seja obrigat\u00f3rio um curso de forma\u00e7\u00e3o de no\u00e7\u00f5es b\u00e1sicas de primeiros socorros aos professores, funcion\u00e1rios e alunos de estabelecimentos de ensino p\u00fablico e privado no \u00e2mbito do Munic\u00edpio de Caruaru, visto que, a promo\u00e7\u00e3o da sa\u00fade e do bem-estar s\u00e3o caracter\u00edsticas essenciais que devem estruturar todas as institui\u00e7\u00f5es de ensino.<\/span><\/p>\n<p style=\"text-align: justify;\">O projeto de lei em tela, possui o intuito de oferecer cuidados imediatos prestados \u00e0 v\u00edtima de qualquer idade que se encontre ferida ou n\u00e3o em acidentes, de maneira \u00e1gil, objetivando uma recupera\u00e7\u00e3o mais r\u00e1pida e manuten\u00e7\u00e3o da vida at\u00e9 a chegada de servi\u00e7o m\u00e9dico especializado. Todavia, o curso dever\u00e1 ser ofertado anualmente e destinar-se-\u00e1 forma\u00e7\u00e3o e\/ou ao aprofundamento de parte dos professores, funcion\u00e1rios e alunos dos estabelecimentos de ensino p\u00fablico e privado, sem preju\u00edzo de suas atividades ordin\u00e1rias. Dessa forma, instituindo assim o Plano Municipal de Preven\u00e7\u00e3o ao Suic\u00eddio.<\/p>\n<p style=\"text-align: justify;\">\u201cPensando na seguran\u00e7a e sa\u00fade de toda a comunidade escolar, algumas recomenda\u00e7\u00f5es podem ser significativas como as capacita\u00e7\u00f5es e conhecimentos em primeiros socorros, por essas e outras raz\u00f5es, profissionais que trabalham em escolas, assim como os alunos, precisam conhecer t\u00e9cnicas de primeiros socorros, afinal de contas, elas s\u00e3o indispens\u00e1veis nos momentos de emerg\u00eancia quando \u00e9 preciso agir de forma r\u00e1pida enquanto aguarda-se o atendimento m\u00e9dico especializado\u201d, destacou Jorge Quintino.<\/p>\n<p style=\"text-align: justify;\">A 19\u00aa Ordin\u00e1ria da 3\u00aa Sess\u00e3o Legislativa da 18\u00aa Legislatura, ocorrer\u00e1 na Casa Jornalista Jos\u00e9 Carlos Flor\u00eancio, a partir das 16h, o p\u00fablico pode acompanhar pelo Canal do YouTube do Poder Legislativo de Caruaru. Foto: Vladimir Barreto.<\/p>\n<p style=\"text-align: justify;\">Siga o Instagram do Blog @,blogdoedvaldomagalhaes<\/p>\n","protected":false},"excerpt":{"rendered":"<p>Na tarde desta quinta-feira (13), ser\u00e1 realizada a 19\u00aa sess\u00e3o legislativa na C\u00e2mara de Vereadores de Caruaru. Durante a reuni\u00e3o,&hellip;<\/p>\n","protected":false},"author":1,"featured_media":95019,"comment_status":"closed","ping_status":"open","sticky":false,"template":"","format":"standard","meta":{"footnotes":""},"categories":[14122],"tags":[2,19532,3406,27250],"class_list":["post-95016","post","type-post","status-publish","format-standard","has-post-thumbnail","hentry","category-politica","tag-blog-do-edvaldo-magalhaes","tag-blog-mais-acessado-e-visualizado-de-caruaru-e-regiao","tag-caruaru","tag-jorge-quintino-exige-obrigatoriedade-de-curso-de-formacao-em-primeiros-socorros-nas-escolas-aos-professores-funcionarios-e-alunos"],"_links":{"self":[{"href":"https:\/\/blogdoedvaldomagalhaes.com.br\/index.php\/wp-json\/wp\/v2\/posts\/95016","targetHints":{"allow":["GET"]}}],"collection":[{"href":"https:\/\/blogdoedvaldomagalhaes.com.br\/index.php\/wp-json\/wp\/v2\/posts"}],"about":[{"href":"https:\/\/blogdoedvaldomagalhaes.com.br\/index.php\/wp-json\/wp\/v2\/types\/post"}],"author":[{"embeddable":true,"href":"https:\/\/blogdoedvaldomagalhaes.com.br\/index.php\/wp-json\/wp\/v2\/users\/1"}],"replies":[{"embeddable":true,"href":"https:\/\/blogdoedvaldomagalhaes.com.br\/index.php\/wp-json\/wp\/v2\/comments?post=95016"}],"version-history":[{"count":1,"href":"https:\/\/blogdoedvaldomagalhaes.com.br\/index.php\/wp-json\/wp\/v2\/posts\/95016\/revisions"}],"predecessor-version":[{"id":95018,"href":"https:\/\/blogdoedvaldomagalhaes.com.br\/index.php\/wp-json\/wp\/v2\/posts\/95016\/revisions\/95018"}],"wp:featuredmedia":[{"embeddable":true,"href":"https:\/\/blogdoedvaldomagalhaes.com.br\/index.php\/wp-json\/wp\/v2\/media\/95019"}],"wp:attachment":[{"href":"https:\/\/blogdoedvaldomagalhaes.com.br\/index.php\/wp-json\/wp\/v2\/media?parent=95016"}],"wp:term":[{"taxonomy":"category","embeddable":true,"href":"https:\/\/blogdoedvaldomagalhaes.com.br\/index.php\/wp-json\/wp\/v2\/categories?post=95016"},{"taxonomy":"post_tag","embeddable":true,"href":"https:\/\/blogdoedvaldomagalhaes.com.br\/index.php\/wp-json\/wp\/v2\/tags?post=95016"}],"curies":[{"name":"wp","href":"https:\/\/api.w.org\/{rel}","templated":true}]}}