{"id":95013,"date":"2023-04-13T13:01:37","date_gmt":"2023-04-13T16:01:37","guid":{"rendered":"https:\/\/blogdoedvaldomagalhaes.com.br\/?p=95013"},"modified":"2023-04-13T13:01:37","modified_gmt":"2023-04-13T16:01:37","slug":"foragido-de-presidio-que-estava-com-faca-na-cintura-e-capturado","status":"publish","type":"post","link":"https:\/\/blogdoedvaldomagalhaes.com.br\/index.php\/2023\/04\/13\/foragido-de-presidio-que-estava-com-faca-na-cintura-e-capturado\/","title":{"rendered":"Foragido de pres\u00eddio que estava com faca na cintura \u00e9 capturado"},"content":{"rendered":"<p style=\"text-align: justify;\"><span style=\"color: initial; font-size: revert;\">Um foragido da Justi\u00e7a foi capturado por policiais militares da 4\u00aa CIPM, quarta-feira (12\/04), na zona rural de Inaj\u00e1, no Sert\u00e3o pernambucano. Durante patrulhamento na Baixa da Alexandra, o efetivo avistou o suspeito, que tentou fugir ao notar a chegada da viatura.<\/span><\/p>\n<p style=\"text-align: justify;\">Ele foi alcan\u00e7ado e encontrada uma faca em sua cintura. Questionado pelo motivo da fuga, ele admitiu que havia fugido do pres\u00eddio da cidade de Canhotinho. O suspeito ainda revelou que possu\u00eda duas espingardas artesanais escondidas na caatinga, em local pr\u00f3ximo.<\/p>\n<p style=\"text-align: justify;\">As armas foram apreendidas e apresentadas, juntamente com o envolvido, na Delegacia de Pol\u00edcia da cidade. De l\u00e1, a ocorr\u00eancia foi encaminhada para a Seccional de Floresta, para ado\u00e7\u00e3o das medidas legais cab\u00edveis. Foto: Divulga\u00e7\u00e3o\/PMPE.<\/p>\n<p style=\"text-align: justify;\">Siga o Instagram do Blog @blogdoedvaldomagalhaes<\/p>\n","protected":false},"excerpt":{"rendered":"<p>Um foragido da Justi\u00e7a foi capturado por policiais militares da 4\u00aa CIPM, quarta-feira (12\/04), na zona rural de Inaj\u00e1, no&hellip;<\/p>\n","protected":false},"author":1,"featured_media":95014,"comment_status":"closed","ping_status":"open","sticky":false,"template":"","format":"standard","meta":{"footnotes":""},"categories":[14121],"tags":[2,19532,3406,27249],"class_list":["post-95013","post","type-post","status-publish","format-standard","has-post-thumbnail","hentry","category-policial","tag-blog-do-edvaldo-magalhaes","tag-blog-mais-acessado-e-visualizado-de-caruaru-e-regiao","tag-caruaru","tag-foragido-de-presidio-que-estava-com-faca-na-cintura-e-capturado"],"_links":{"self":[{"href":"https:\/\/blogdoedvaldomagalhaes.com.br\/index.php\/wp-json\/wp\/v2\/posts\/95013","targetHints":{"allow":["GET"]}}],"collection":[{"href":"https:\/\/blogdoedvaldomagalhaes.com.br\/index.php\/wp-json\/wp\/v2\/posts"}],"about":[{"href":"https:\/\/blogdoedvaldomagalhaes.com.br\/index.php\/wp-json\/wp\/v2\/types\/post"}],"author":[{"embeddable":true,"href":"https:\/\/blogdoedvaldomagalhaes.com.br\/index.php\/wp-json\/wp\/v2\/users\/1"}],"replies":[{"embeddable":true,"href":"https:\/\/blogdoedvaldomagalhaes.com.br\/index.php\/wp-json\/wp\/v2\/comments?post=95013"}],"version-history":[{"count":1,"href":"https:\/\/blogdoedvaldomagalhaes.com.br\/index.php\/wp-json\/wp\/v2\/posts\/95013\/revisions"}],"predecessor-version":[{"id":95015,"href":"https:\/\/blogdoedvaldomagalhaes.com.br\/index.php\/wp-json\/wp\/v2\/posts\/95013\/revisions\/95015"}],"wp:featuredmedia":[{"embeddable":true,"href":"https:\/\/blogdoedvaldomagalhaes.com.br\/index.php\/wp-json\/wp\/v2\/media\/95014"}],"wp:attachment":[{"href":"https:\/\/blogdoedvaldomagalhaes.com.br\/index.php\/wp-json\/wp\/v2\/media?parent=95013"}],"wp:term":[{"taxonomy":"category","embeddable":true,"href":"https:\/\/blogdoedvaldomagalhaes.com.br\/index.php\/wp-json\/wp\/v2\/categories?post=95013"},{"taxonomy":"post_tag","embeddable":true,"href":"https:\/\/blogdoedvaldomagalhaes.com.br\/index.php\/wp-json\/wp\/v2\/tags?post=95013"}],"curies":[{"name":"wp","href":"https:\/\/api.w.org\/{rel}","templated":true}]}}