{"id":95007,"date":"2023-04-12T22:08:36","date_gmt":"2023-04-13T01:08:36","guid":{"rendered":"https:\/\/blogdoedvaldomagalhaes.com.br\/?p=95007"},"modified":"2023-04-12T22:08:37","modified_gmt":"2023-04-13T01:08:37","slug":"vereador-mauricio-caruaru-sai-em-defesa-dos-pacientes-oncologicos-2","status":"publish","type":"post","link":"https:\/\/blogdoedvaldomagalhaes.com.br\/index.php\/2023\/04\/12\/vereador-mauricio-caruaru-sai-em-defesa-dos-pacientes-oncologicos-2\/","title":{"rendered":"Vereador Mauricio Caruaru sai em defesa dos pacientes oncol\u00f3gicos"},"content":{"rendered":"<p style=\"text-align: justify;\">Na reuni\u00e3o ordin\u00e1ria da ter\u00e7a-feira (11), na C\u00e2mara de Caruaru, o vereador Maur\u00edcio Caruaru usou a tribuna &#8220;falei de um assunto extremamente importante, que \u00e9 Sa\u00fade. Minha manifesta\u00e7\u00e3o \u00e9 em rela\u00e7\u00e3o ao repasse das verbas do SUS, pelo Governo do Estado de Pernambuco, onde h\u00e1 clinicas que est\u00e3o sem receber do Estado h\u00e1 meses. S\u00e3o tratamentos s\u00e9rios de pacientes com c\u00e2ncer que est\u00e3o amea\u00e7ados de serem suspensos por falta de recursos para compra de insumos e pagamento de m\u00e3o-de-obra. Precisamos nos manifestar, pois com a sa\u00fade n\u00e3o se brinca&#8221;, afirmou Maur\u00edcio Caruaru.<\/p>\n<p>Siga o Instagram do Blog @blogdoedvaldomagalhaes<\/p>\n","protected":false},"excerpt":{"rendered":"<p>Na reuni\u00e3o ordin\u00e1ria da ter\u00e7a-feira (11), na C\u00e2mara de Caruaru, o vereador Maur\u00edcio Caruaru usou a tribuna &#8220;falei de um&hellip;<\/p>\n","protected":false},"author":1,"featured_media":95004,"comment_status":"closed","ping_status":"open","sticky":false,"template":"","format":"standard","meta":{"footnotes":""},"categories":[14122],"tags":[2,19532,3406,20295,27247],"class_list":["post-95007","post","type-post","status-publish","format-standard","has-post-thumbnail","hentry","category-politica","tag-blog-do-edvaldo-magalhaes","tag-blog-mais-acessado-e-visualizado-de-caruaru-e-regiao","tag-caruaru","tag-politica-2","tag-vereador-mauricio-caruaru-sai-em-defesa-dos-pacientes-oncologicos-2"],"_links":{"self":[{"href":"https:\/\/blogdoedvaldomagalhaes.com.br\/index.php\/wp-json\/wp\/v2\/posts\/95007","targetHints":{"allow":["GET"]}}],"collection":[{"href":"https:\/\/blogdoedvaldomagalhaes.com.br\/index.php\/wp-json\/wp\/v2\/posts"}],"about":[{"href":"https:\/\/blogdoedvaldomagalhaes.com.br\/index.php\/wp-json\/wp\/v2\/types\/post"}],"author":[{"embeddable":true,"href":"https:\/\/blogdoedvaldomagalhaes.com.br\/index.php\/wp-json\/wp\/v2\/users\/1"}],"replies":[{"embeddable":true,"href":"https:\/\/blogdoedvaldomagalhaes.com.br\/index.php\/wp-json\/wp\/v2\/comments?post=95007"}],"version-history":[{"count":1,"href":"https:\/\/blogdoedvaldomagalhaes.com.br\/index.php\/wp-json\/wp\/v2\/posts\/95007\/revisions"}],"predecessor-version":[{"id":95008,"href":"https:\/\/blogdoedvaldomagalhaes.com.br\/index.php\/wp-json\/wp\/v2\/posts\/95007\/revisions\/95008"}],"wp:featuredmedia":[{"embeddable":true,"href":"https:\/\/blogdoedvaldomagalhaes.com.br\/index.php\/wp-json\/wp\/v2\/media\/95004"}],"wp:attachment":[{"href":"https:\/\/blogdoedvaldomagalhaes.com.br\/index.php\/wp-json\/wp\/v2\/media?parent=95007"}],"wp:term":[{"taxonomy":"category","embeddable":true,"href":"https:\/\/blogdoedvaldomagalhaes.com.br\/index.php\/wp-json\/wp\/v2\/categories?post=95007"},{"taxonomy":"post_tag","embeddable":true,"href":"https:\/\/blogdoedvaldomagalhaes.com.br\/index.php\/wp-json\/wp\/v2\/tags?post=95007"}],"curies":[{"name":"wp","href":"https:\/\/api.w.org\/{rel}","templated":true}]}}