{"id":95002,"date":"2023-04-12T22:01:39","date_gmt":"2023-04-13T01:01:39","guid":{"rendered":"https:\/\/blogdoedvaldomagalhaes.com.br\/?p=95002"},"modified":"2023-04-12T22:05:33","modified_gmt":"2023-04-13T01:05:33","slug":"vereador-mauricio-caruaru-sai-em-defesa-dos-pacientes-oncologicos","status":"publish","type":"post","link":"https:\/\/blogdoedvaldomagalhaes.com.br\/index.php\/2023\/04\/12\/vereador-mauricio-caruaru-sai-em-defesa-dos-pacientes-oncologicos\/","title":{"rendered":"Vereador Maur\u00edcio Caruaru sai em defesa dos pacientes oncol\u00f3gicos"},"content":{"rendered":"<p style=\"text-align: justify;\"><span style=\"font-size: revert; color: initial;\">No dia de ontem (11), usei a Tribuna para falar de um assunto extremamente importante, que \u00e9 Sa\u00fade. Minha manifesta\u00e7\u00e3o \u00e9 em rela\u00e7\u00e3o ao repasse das verbas do SUS, pelo Governo do Estado de Pernambuco, onde h\u00e1 clinicas que est\u00e3o sem receber do Estado h\u00e1 meses. S\u00e3o tratamentos s\u00e9rios de pacientes com c\u00e2ncer que est\u00e3o amea\u00e7ados de serem suspensos por falta de recursos para compra de insumos e pagamento de m\u00e3o-de-obra.<\/span><\/p>\n<p style=\"text-align: justify;\">Precisamos nos manifestar, pois com a sa\u00fade n\u00e3o se brinca.<\/p>\n\n\n<figure class=\"wp-block-image size-full\"><img loading=\"lazy\" decoding=\"async\" width=\"256\" height=\"256\" src=\"https:\/\/blogdoedvaldomagalhaes.com.br\/wp-content\/uploads\/2023\/04\/B2A3747E-493B-49F7-A45E-8E5E71699721.jpeg\" alt=\"\" class=\"wp-image-95004\" srcset=\"https:\/\/blogdoedvaldomagalhaes.com.br\/wp-content\/uploads\/2023\/04\/B2A3747E-493B-49F7-A45E-8E5E71699721.jpeg 256w, https:\/\/blogdoedvaldomagalhaes.com.br\/wp-content\/uploads\/2023\/04\/B2A3747E-493B-49F7-A45E-8E5E71699721-150x150.jpeg 150w\" sizes=\"auto, (max-width: 256px) 100vw, 256px\" \/><\/figure>\n","protected":false},"excerpt":{"rendered":"<p>No dia de ontem (11), usei a Tribuna para falar de um assunto extremamente importante, que \u00e9 Sa\u00fade. Minha manifesta\u00e7\u00e3o&hellip;<\/p>\n","protected":false},"author":1,"featured_media":0,"comment_status":"closed","ping_status":"open","sticky":false,"template":"","format":"standard","meta":{"footnotes":""},"categories":[14122],"tags":[2,19532,3406,20,27246],"class_list":["post-95002","post","type-post","status-publish","format-standard","hentry","category-politica","tag-blog-do-edvaldo-magalhaes","tag-blog-mais-acessado-e-visualizado-de-caruaru-e-regiao","tag-caruaru","tag-politica","tag-vereador-mauricio-caruaru-sai-em-defesa-dos-pacientes-oncologicos"],"_links":{"self":[{"href":"https:\/\/blogdoedvaldomagalhaes.com.br\/index.php\/wp-json\/wp\/v2\/posts\/95002","targetHints":{"allow":["GET"]}}],"collection":[{"href":"https:\/\/blogdoedvaldomagalhaes.com.br\/index.php\/wp-json\/wp\/v2\/posts"}],"about":[{"href":"https:\/\/blogdoedvaldomagalhaes.com.br\/index.php\/wp-json\/wp\/v2\/types\/post"}],"author":[{"embeddable":true,"href":"https:\/\/blogdoedvaldomagalhaes.com.br\/index.php\/wp-json\/wp\/v2\/users\/1"}],"replies":[{"embeddable":true,"href":"https:\/\/blogdoedvaldomagalhaes.com.br\/index.php\/wp-json\/wp\/v2\/comments?post=95002"}],"version-history":[{"count":2,"href":"https:\/\/blogdoedvaldomagalhaes.com.br\/index.php\/wp-json\/wp\/v2\/posts\/95002\/revisions"}],"predecessor-version":[{"id":95006,"href":"https:\/\/blogdoedvaldomagalhaes.com.br\/index.php\/wp-json\/wp\/v2\/posts\/95002\/revisions\/95006"}],"wp:attachment":[{"href":"https:\/\/blogdoedvaldomagalhaes.com.br\/index.php\/wp-json\/wp\/v2\/media?parent=95002"}],"wp:term":[{"taxonomy":"category","embeddable":true,"href":"https:\/\/blogdoedvaldomagalhaes.com.br\/index.php\/wp-json\/wp\/v2\/categories?post=95002"},{"taxonomy":"post_tag","embeddable":true,"href":"https:\/\/blogdoedvaldomagalhaes.com.br\/index.php\/wp-json\/wp\/v2\/tags?post=95002"}],"curies":[{"name":"wp","href":"https:\/\/api.w.org\/{rel}","templated":true}]}}