{"id":94996,"date":"2023-04-12T21:30:27","date_gmt":"2023-04-13T00:30:27","guid":{"rendered":"https:\/\/blogdoedvaldomagalhaes.com.br\/?p=94996"},"modified":"2023-04-12T21:45:27","modified_gmt":"2023-04-13T00:45:27","slug":"vereador-cabo-cardoso-solicita-implantacao-da-patrulha-escolar-municipal-para-evitar-eventos-criminosos-nas-escolas","status":"publish","type":"post","link":"https:\/\/blogdoedvaldomagalhaes.com.br\/index.php\/2023\/04\/12\/vereador-cabo-cardoso-solicita-implantacao-da-patrulha-escolar-municipal-para-evitar-eventos-criminosos-nas-escolas\/","title":{"rendered":"Vereador Cabo Cardoso solicita implanta\u00e7\u00e3o da Patrulha Escolar Municipal, para evitar eventos criminosos nas escolas"},"content":{"rendered":"<p style=\"text-align: justify;\">O vereador Cabo Cardoso solicita a implanta\u00e7\u00e3o da PATRULHA ESCOLAR MUNICIPAL, visando evitar eventos criminosos nas escolas. O parlamentar que conhece de perto o tema seguran\u00e7a p\u00fablica e que tem desempenhado um trabalho diferenciado na C\u00e2mara de Caruaru, fez um requerimento solicitando ao prefeito Rodrigo Pinheiro, a implanta\u00e7\u00e3o da PATRULHA ESCOLAR MUNICIPAL. O vereador acredita que essa medida ser\u00e1 de fundamental import\u00e2ncia para proteger os alunos e professores e demais profissionais da educa\u00e7\u00e3o em nosso munic\u00edpio. Foto: Vladimir Barreto.<\/p>\n<p style=\"text-align: justify;\">Siga o Instagram do Blog @blogdoedvaldomagalhaes<\/p>\n\n\n<figure class=\"wp-block-image size-large\"><img loading=\"lazy\" decoding=\"async\" width=\"678\" height=\"1024\" src=\"https:\/\/blogdoedvaldomagalhaes.com.br\/wp-content\/uploads\/2023\/04\/96189FDB-67AE-4275-B105-03BD005FAEF8-678x1024.jpeg\" alt=\"\" class=\"wp-image-95000\" srcset=\"https:\/\/blogdoedvaldomagalhaes.com.br\/wp-content\/uploads\/2023\/04\/96189FDB-67AE-4275-B105-03BD005FAEF8-678x1024.jpeg 678w, https:\/\/blogdoedvaldomagalhaes.com.br\/wp-content\/uploads\/2023\/04\/96189FDB-67AE-4275-B105-03BD005FAEF8-199x300.jpeg 199w, https:\/\/blogdoedvaldomagalhaes.com.br\/wp-content\/uploads\/2023\/04\/96189FDB-67AE-4275-B105-03BD005FAEF8-768x1160.jpeg 768w, https:\/\/blogdoedvaldomagalhaes.com.br\/wp-content\/uploads\/2023\/04\/96189FDB-67AE-4275-B105-03BD005FAEF8.jpeg 790w\" sizes=\"auto, (max-width: 678px) 100vw, 678px\" \/><\/figure>\n","protected":false},"excerpt":{"rendered":"<p>O vereador Cabo Cardoso solicita a implanta\u00e7\u00e3o da PATRULHA ESCOLAR MUNICIPAL, visando evitar eventos criminosos nas escolas. O parlamentar que&hellip;<\/p>\n","protected":false},"author":1,"featured_media":94073,"comment_status":"closed","ping_status":"open","sticky":false,"template":"","format":"standard","meta":{"footnotes":""},"categories":[14122],"tags":[],"class_list":["post-94996","post","type-post","status-publish","format-standard","has-post-thumbnail","hentry","category-politica"],"_links":{"self":[{"href":"https:\/\/blogdoedvaldomagalhaes.com.br\/index.php\/wp-json\/wp\/v2\/posts\/94996","targetHints":{"allow":["GET"]}}],"collection":[{"href":"https:\/\/blogdoedvaldomagalhaes.com.br\/index.php\/wp-json\/wp\/v2\/posts"}],"about":[{"href":"https:\/\/blogdoedvaldomagalhaes.com.br\/index.php\/wp-json\/wp\/v2\/types\/post"}],"author":[{"embeddable":true,"href":"https:\/\/blogdoedvaldomagalhaes.com.br\/index.php\/wp-json\/wp\/v2\/users\/1"}],"replies":[{"embeddable":true,"href":"https:\/\/blogdoedvaldomagalhaes.com.br\/index.php\/wp-json\/wp\/v2\/comments?post=94996"}],"version-history":[{"count":3,"href":"https:\/\/blogdoedvaldomagalhaes.com.br\/index.php\/wp-json\/wp\/v2\/posts\/94996\/revisions"}],"predecessor-version":[{"id":95001,"href":"https:\/\/blogdoedvaldomagalhaes.com.br\/index.php\/wp-json\/wp\/v2\/posts\/94996\/revisions\/95001"}],"wp:featuredmedia":[{"embeddable":true,"href":"https:\/\/blogdoedvaldomagalhaes.com.br\/index.php\/wp-json\/wp\/v2\/media\/94073"}],"wp:attachment":[{"href":"https:\/\/blogdoedvaldomagalhaes.com.br\/index.php\/wp-json\/wp\/v2\/media?parent=94996"}],"wp:term":[{"taxonomy":"category","embeddable":true,"href":"https:\/\/blogdoedvaldomagalhaes.com.br\/index.php\/wp-json\/wp\/v2\/categories?post=94996"},{"taxonomy":"post_tag","embeddable":true,"href":"https:\/\/blogdoedvaldomagalhaes.com.br\/index.php\/wp-json\/wp\/v2\/tags?post=94996"}],"curies":[{"name":"wp","href":"https:\/\/api.w.org\/{rel}","templated":true}]}}