{"id":94993,"date":"2023-04-12T14:57:55","date_gmt":"2023-04-12T17:57:55","guid":{"rendered":"https:\/\/blogdoedvaldomagalhaes.com.br\/?p=94993"},"modified":"2023-04-12T14:57:56","modified_gmt":"2023-04-12T17:57:56","slug":"autarquia-de-mobilidade-transito-e-transportes-de-caruaru-amttc-vai-funcionar-no-polo","status":"publish","type":"post","link":"https:\/\/blogdoedvaldomagalhaes.com.br\/index.php\/2023\/04\/12\/autarquia-de-mobilidade-transito-e-transportes-de-caruaru-amttc-vai-funcionar-no-polo\/","title":{"rendered":"Autarquia de Mobilidade, Tr\u00e2nsito e Transportes de Caruaru (AMTTC) vai funcionar no Polo"},"content":{"rendered":"<p style=\"text-align: justify;\"><span style=\"color: initial; font-size: revert;\">A Autarquia de Mobilidade, Tr\u00e2nsito e Transportes de Caruaru (AMTTC) informa que, a partir da pr\u00f3xima quarta-feira (19), atender\u00e1 em novo endere\u00e7o. A nova sede da autarquia ficar\u00e1 localizada no Polo Caruaru, pr\u00f3ximo a pra\u00e7a de alimenta\u00e7\u00e3o do Centro de Compras, localizado \u00e0s margens da BR-104. O objetivo da mudan\u00e7a \u00e9 proporcionar ao usu\u00e1rio uma melhor estrutura para atendimento, bem como agilidade em determinados processos, visto que o dep\u00f3sito de ve\u00edculos apreendidos ficar\u00e1 na \u00e1rea externa do Polo Caruaru. Diante da mudan\u00e7a, o atendimento presencial estar\u00e1 suspenso durante os dias 17 e 18 de abril.<\/span><\/p>\n<p style=\"text-align: justify;\">\u201cA nova sede vai proporcionar ao cidad\u00e3o e usu\u00e1rio um melhor atendimento e estrutura para resolver suas demandas relacionadas \u00e0 Autarquia\u201d, disse o coronel Edson N\u00f3brega, presidente da AMTTC.<\/p>\n<p style=\"text-align: justify;\">*VISTORIAS DOS TRANSPORTES P\u00daBLICOS*<\/p>\n<p style=\"text-align: justify;\">A vistoria, que acontece nos ve\u00edculos que realizam o transporte p\u00fablico de passageiros (t\u00e1xis, motot\u00e1xis e escolar), ser\u00e1 realizada na nova sede, no Polo Caruaru. Em virtude da mudan\u00e7a, o atendimento tamb\u00e9m estar\u00e1 suspenso nos dias 17 e 18 de abril.<\/p>\n<p style=\"text-align: justify;\">At\u00e9 o dia 30 deste m\u00eas, os ve\u00edculos com placas terminadas em 0, 1 e 2 est\u00e3o sendo inspecionados pela equipe, garantindo o selo que autoriza o trabalho ser realizado em 2023. Foto: Divulga\u00e7\u00e3o.<\/p>\n<p style=\"text-align: justify;\">Siga o Instagram do Blog @blogdoedvaldomagalhaes<\/p>\n","protected":false},"excerpt":{"rendered":"<p>A Autarquia de Mobilidade, Tr\u00e2nsito e Transportes de Caruaru (AMTTC) informa que, a partir da pr\u00f3xima quarta-feira (19), atender\u00e1 em&hellip;<\/p>\n","protected":false},"author":1,"featured_media":94994,"comment_status":"closed","ping_status":"open","sticky":false,"template":"","format":"standard","meta":{"footnotes":""},"categories":[14120],"tags":[27245,2,19532,3406],"class_list":["post-94993","post","type-post","status-publish","format-standard","has-post-thumbnail","hentry","category-noticias","tag-autarquia-de-mobilidade-transito-e-transportes-de-caruaru-amttc-vai-funcionar-no-polo","tag-blog-do-edvaldo-magalhaes","tag-blog-mais-acessado-e-visualizado-de-caruaru-e-regiao","tag-caruaru"],"_links":{"self":[{"href":"https:\/\/blogdoedvaldomagalhaes.com.br\/index.php\/wp-json\/wp\/v2\/posts\/94993","targetHints":{"allow":["GET"]}}],"collection":[{"href":"https:\/\/blogdoedvaldomagalhaes.com.br\/index.php\/wp-json\/wp\/v2\/posts"}],"about":[{"href":"https:\/\/blogdoedvaldomagalhaes.com.br\/index.php\/wp-json\/wp\/v2\/types\/post"}],"author":[{"embeddable":true,"href":"https:\/\/blogdoedvaldomagalhaes.com.br\/index.php\/wp-json\/wp\/v2\/users\/1"}],"replies":[{"embeddable":true,"href":"https:\/\/blogdoedvaldomagalhaes.com.br\/index.php\/wp-json\/wp\/v2\/comments?post=94993"}],"version-history":[{"count":1,"href":"https:\/\/blogdoedvaldomagalhaes.com.br\/index.php\/wp-json\/wp\/v2\/posts\/94993\/revisions"}],"predecessor-version":[{"id":94995,"href":"https:\/\/blogdoedvaldomagalhaes.com.br\/index.php\/wp-json\/wp\/v2\/posts\/94993\/revisions\/94995"}],"wp:featuredmedia":[{"embeddable":true,"href":"https:\/\/blogdoedvaldomagalhaes.com.br\/index.php\/wp-json\/wp\/v2\/media\/94994"}],"wp:attachment":[{"href":"https:\/\/blogdoedvaldomagalhaes.com.br\/index.php\/wp-json\/wp\/v2\/media?parent=94993"}],"wp:term":[{"taxonomy":"category","embeddable":true,"href":"https:\/\/blogdoedvaldomagalhaes.com.br\/index.php\/wp-json\/wp\/v2\/categories?post=94993"},{"taxonomy":"post_tag","embeddable":true,"href":"https:\/\/blogdoedvaldomagalhaes.com.br\/index.php\/wp-json\/wp\/v2\/tags?post=94993"}],"curies":[{"name":"wp","href":"https:\/\/api.w.org\/{rel}","templated":true}]}}