{"id":94990,"date":"2023-04-12T14:51:57","date_gmt":"2023-04-12T17:51:57","guid":{"rendered":"https:\/\/blogdoedvaldomagalhaes.com.br\/?p=94990"},"modified":"2023-04-12T14:51:59","modified_gmt":"2023-04-12T17:51:59","slug":"motorista-fica-preso-as-ferragens-apos-colisao-entre-caminhoes-na-br-232","status":"publish","type":"post","link":"https:\/\/blogdoedvaldomagalhaes.com.br\/index.php\/2023\/04\/12\/motorista-fica-preso-as-ferragens-apos-colisao-entre-caminhoes-na-br-232\/","title":{"rendered":"Motorista fica preso \u00e0s ferragens, ap\u00f3s colis\u00e3o entre caminh\u00f5es, na BR 232"},"content":{"rendered":"<p style=\"text-align: justify;\"><span style=\"font-size: revert;\">Em Caruaru, a PRF foi acionada para atendimento a um sinistro de tr\u00e2nsito, por volta das 13h desta quarta (12), na BR-232, km 118. Dois ve\u00edculos de carga se envolveram nesse sinistro. Informa\u00e7\u00f5es iniciais de que houve a colis\u00e3o traseira e um dos ve\u00edculos (do tipo ca\u00e7amba) acabou tombando na via. O condutor ficou preso \u00e0s ferragens, foi retirado e socorrido pelo Corpo de Bombeiros com ferimentos leves. O outro motorista (do caminh\u00e3o-ba\u00fa) n\u00e3o se feriu.<\/span><\/p>\n<p style=\"text-align: justify;\">Apenas uma faixa est\u00e1 liberada para a passagem de ve\u00edculos. O tr\u00e2nsito segue lento no trecho, mas sem congestionamento. Equipe PRF ainda no local.<\/p>\n","protected":false},"excerpt":{"rendered":"<p>Em Caruaru, a PRF foi acionada para atendimento a um sinistro de tr\u00e2nsito, por volta das 13h desta quarta (12),&hellip;<\/p>\n","protected":false},"author":1,"featured_media":94991,"comment_status":"closed","ping_status":"open","sticky":false,"template":"","format":"standard","meta":{"footnotes":""},"categories":[14120],"tags":[2,19532,3406,27243],"class_list":["post-94990","post","type-post","status-publish","format-standard","has-post-thumbnail","hentry","category-noticias","tag-blog-do-edvaldo-magalhaes","tag-blog-mais-acessado-e-visualizado-de-caruaru-e-regiao","tag-caruaru","tag-motorista-fica-preso-as-ferragens-apos-colisao-entre-caminhoes-na-br-232"],"_links":{"self":[{"href":"https:\/\/blogdoedvaldomagalhaes.com.br\/index.php\/wp-json\/wp\/v2\/posts\/94990","targetHints":{"allow":["GET"]}}],"collection":[{"href":"https:\/\/blogdoedvaldomagalhaes.com.br\/index.php\/wp-json\/wp\/v2\/posts"}],"about":[{"href":"https:\/\/blogdoedvaldomagalhaes.com.br\/index.php\/wp-json\/wp\/v2\/types\/post"}],"author":[{"embeddable":true,"href":"https:\/\/blogdoedvaldomagalhaes.com.br\/index.php\/wp-json\/wp\/v2\/users\/1"}],"replies":[{"embeddable":true,"href":"https:\/\/blogdoedvaldomagalhaes.com.br\/index.php\/wp-json\/wp\/v2\/comments?post=94990"}],"version-history":[{"count":1,"href":"https:\/\/blogdoedvaldomagalhaes.com.br\/index.php\/wp-json\/wp\/v2\/posts\/94990\/revisions"}],"predecessor-version":[{"id":94992,"href":"https:\/\/blogdoedvaldomagalhaes.com.br\/index.php\/wp-json\/wp\/v2\/posts\/94990\/revisions\/94992"}],"wp:featuredmedia":[{"embeddable":true,"href":"https:\/\/blogdoedvaldomagalhaes.com.br\/index.php\/wp-json\/wp\/v2\/media\/94991"}],"wp:attachment":[{"href":"https:\/\/blogdoedvaldomagalhaes.com.br\/index.php\/wp-json\/wp\/v2\/media?parent=94990"}],"wp:term":[{"taxonomy":"category","embeddable":true,"href":"https:\/\/blogdoedvaldomagalhaes.com.br\/index.php\/wp-json\/wp\/v2\/categories?post=94990"},{"taxonomy":"post_tag","embeddable":true,"href":"https:\/\/blogdoedvaldomagalhaes.com.br\/index.php\/wp-json\/wp\/v2\/tags?post=94990"}],"curies":[{"name":"wp","href":"https:\/\/api.w.org\/{rel}","templated":true}]}}