{"id":94984,"date":"2023-04-12T13:46:27","date_gmt":"2023-04-12T16:46:27","guid":{"rendered":"https:\/\/blogdoedvaldomagalhaes.com.br\/?p=94984"},"modified":"2023-04-12T13:46:28","modified_gmt":"2023-04-12T16:46:28","slug":"dupla-e-presa-por-trafico-de-drogas-e-porte-ilegal-de-arma-de-fogo","status":"publish","type":"post","link":"https:\/\/blogdoedvaldomagalhaes.com.br\/index.php\/2023\/04\/12\/dupla-e-presa-por-trafico-de-drogas-e-porte-ilegal-de-arma-de-fogo\/","title":{"rendered":"Dupla \u00e9 presa por tr\u00e1fico de drogas e porte ilegal de arma de fogo"},"content":{"rendered":"<p style=\"text-align: justify;\"><span style=\"color: initial; font-size: revert;\">Dois homens foram presos por policiais militares do 17\u00ba BPM, ter\u00e7a-feira(11), no bairro do Timb\u00f3, em Paulista, por tr\u00e1fico de drogas e porte ilegal de arma de fogo. Durante rondas na Rua S\u00e3o Crist\u00f3v\u00e3o, o efetivo visualizou os suspeitos fugindo e um deles se livrou de uma sacola, constatado depois se tratar de maconha, crack e dinheiro trocado. A dupla escapou pulando por quintais, mas foi alcan\u00e7ada. A esposa de um envolvido viu a pris\u00e3o e informou que o marido possu\u00eda uma arma, revelando onde ela estava guardada. <\/span><\/p>\n<p style=\"text-align: justify;\"><span style=\"color: initial; font-size: revert;\">Os homens foram apresentados na Delegacia de Plant\u00e3o da cidade, assim como todo o material apreendido: o rev\u00f3lver calibre .38 com 11 muni\u00e7\u00f5es, um celular com queixa de roubo, 124 big bigs de maconha, 64 pedras de crack e R$ 152,00 em esp\u00e9cie. Foto: Divulga\u00e7\u00e3o\/PMPE.<\/span><\/p>\n<p style=\"text-align: justify;\">Siga o Instagram do Blog @blogdoedvaldomagalhaes<\/p>\n","protected":false},"excerpt":{"rendered":"<p>Dois homens foram presos por policiais militares do 17\u00ba BPM, ter\u00e7a-feira(11), no bairro do Timb\u00f3, em Paulista, por tr\u00e1fico de&hellip;<\/p>\n","protected":false},"author":1,"featured_media":94985,"comment_status":"closed","ping_status":"open","sticky":false,"template":"","format":"standard","meta":{"footnotes":""},"categories":[14121],"tags":[2,19532,3406,27241],"class_list":["post-94984","post","type-post","status-publish","format-standard","has-post-thumbnail","hentry","category-policial","tag-blog-do-edvaldo-magalhaes","tag-blog-mais-acessado-e-visualizado-de-caruaru-e-regiao","tag-caruaru","tag-dupla-e-presa-por-trafico-de-drogas-e-porte-ilegal-de-arma-de-fogo"],"_links":{"self":[{"href":"https:\/\/blogdoedvaldomagalhaes.com.br\/index.php\/wp-json\/wp\/v2\/posts\/94984","targetHints":{"allow":["GET"]}}],"collection":[{"href":"https:\/\/blogdoedvaldomagalhaes.com.br\/index.php\/wp-json\/wp\/v2\/posts"}],"about":[{"href":"https:\/\/blogdoedvaldomagalhaes.com.br\/index.php\/wp-json\/wp\/v2\/types\/post"}],"author":[{"embeddable":true,"href":"https:\/\/blogdoedvaldomagalhaes.com.br\/index.php\/wp-json\/wp\/v2\/users\/1"}],"replies":[{"embeddable":true,"href":"https:\/\/blogdoedvaldomagalhaes.com.br\/index.php\/wp-json\/wp\/v2\/comments?post=94984"}],"version-history":[{"count":1,"href":"https:\/\/blogdoedvaldomagalhaes.com.br\/index.php\/wp-json\/wp\/v2\/posts\/94984\/revisions"}],"predecessor-version":[{"id":94986,"href":"https:\/\/blogdoedvaldomagalhaes.com.br\/index.php\/wp-json\/wp\/v2\/posts\/94984\/revisions\/94986"}],"wp:featuredmedia":[{"embeddable":true,"href":"https:\/\/blogdoedvaldomagalhaes.com.br\/index.php\/wp-json\/wp\/v2\/media\/94985"}],"wp:attachment":[{"href":"https:\/\/blogdoedvaldomagalhaes.com.br\/index.php\/wp-json\/wp\/v2\/media?parent=94984"}],"wp:term":[{"taxonomy":"category","embeddable":true,"href":"https:\/\/blogdoedvaldomagalhaes.com.br\/index.php\/wp-json\/wp\/v2\/categories?post=94984"},{"taxonomy":"post_tag","embeddable":true,"href":"https:\/\/blogdoedvaldomagalhaes.com.br\/index.php\/wp-json\/wp\/v2\/tags?post=94984"}],"curies":[{"name":"wp","href":"https:\/\/api.w.org\/{rel}","templated":true}]}}