{"id":94982,"date":"2023-04-11T19:13:19","date_gmt":"2023-04-11T22:13:19","guid":{"rendered":"https:\/\/blogdoedvaldomagalhaes.com.br\/?p=94982"},"modified":"2023-04-11T19:13:19","modified_gmt":"2023-04-11T22:13:19","slug":"vereador-irmao-ronaldo-pede-a-construcao-de-cmei-creche-com-urgencia-em-caruaru","status":"publish","type":"post","link":"https:\/\/blogdoedvaldomagalhaes.com.br\/index.php\/2023\/04\/11\/vereador-irmao-ronaldo-pede-a-construcao-de-cmei-creche-com-urgencia-em-caruaru\/","title":{"rendered":"Vereador Irm\u00e3o Ronaldo pede a constru\u00e7\u00e3o de CMEI (creche) com urg\u00eancia em Caruaru"},"content":{"rendered":"<p class=\"s3\" style=\"text-align: justify;\"><span class=\"s6\"><span class=\"bumpedFont15\">REQUERIMENTOS<\/span><\/span><span class=\"s6\"><span class=\"bumpedFont15\"> SOLICITADOS<\/span><\/span><span class=\"s6\"><span class=\"bumpedFont15\"> DE AUTORIA DO VEREADOR IRM\u00c3O RONALDO <\/span><\/span><\/p>\n<p class=\"s3\" style=\"text-align: justify;\"><span class=\"s7\">Requerimento<\/span> <span class=\"s8\">Para que se viabilize a constru\u00e7\u00e3o de uma CMEI &#8211; CENTRO MUNICIPAL DE EDUCA\u00c7\u00c3O INFANTIL, uma Creche com URG\u00caNCIA, no Bairro Maria Auxiliadora, nesta Cidade.<\/span><\/p>\n<p class=\"s3\" style=\"text-align: justify;\"><span class=\"s7\">Requerimento<\/span> <span class=\"s8\">Para que fa\u00e7a a troca de quatro l\u00e2mpadas dos postes de Barramentos: <\/span><span class=\"s8\">30012 quadra 05<\/span><span class=\"s8\"> bloco 06; 120046 quadra 05 bloco 07; 120041 quadra 05 bloco 05 e 4009 quadra 05 bloco 08, todos estes postes ficam localizados no Residencial Luiz Bezerra Torres.<\/span><\/p>\n<p class=\"s3\" style=\"text-align: justify;\"><span class=\"s7\">Requerimento<\/span><span class=\"s8\"> P<\/span><span class=\"s8\">ara a implanta\u00e7\u00e3o de um Telef\u00e9rico no Monte Bom Jesus ligando a Feira de Caruaru.<\/span><\/p>\n<p class=\"s3\" style=\"text-align: justify;\"><span class=\"s7\">Requerimento<\/span> <a name=\"_GoBack\"><\/a><span class=\"s8\">P<\/span><span class=\"s8\">ara que viabilize a pintura de faixas de pedestres e instala\u00e7\u00e3o de placas de sinaliza\u00e7\u00e3o na Rua Duque de Caxias, em frente ao Memorial da Cidade de Caruaru (antigo Mercado de Farinha). Foto: Vladimir Barreto.<\/span><\/p>\n<p style=\"text-align: justify;\">Siga o Instagram do Blog @blogdoedvaldomagalhaes<\/p>\n","protected":false},"excerpt":{"rendered":"<p>REQUERIMENTOS SOLICITADOS DE AUTORIA DO VEREADOR IRM\u00c3O RONALDO Requerimento Para que se viabilize a constru\u00e7\u00e3o de uma CMEI &#8211; CENTRO&hellip;<\/p>\n","protected":false},"author":1,"featured_media":93193,"comment_status":"closed","ping_status":"open","sticky":false,"template":"","format":"standard","meta":{"footnotes":""},"categories":[14122],"tags":[2,19532,3406,20295,27240],"class_list":["post-94982","post","type-post","status-publish","format-standard","has-post-thumbnail","hentry","category-politica","tag-blog-do-edvaldo-magalhaes","tag-blog-mais-acessado-e-visualizado-de-caruaru-e-regiao","tag-caruaru","tag-politica-2","tag-vereador-irmao-ronaldo-pede-a-construcao-de-cmei-creche-com-urgencia-em-caruaru"],"_links":{"self":[{"href":"https:\/\/blogdoedvaldomagalhaes.com.br\/index.php\/wp-json\/wp\/v2\/posts\/94982","targetHints":{"allow":["GET"]}}],"collection":[{"href":"https:\/\/blogdoedvaldomagalhaes.com.br\/index.php\/wp-json\/wp\/v2\/posts"}],"about":[{"href":"https:\/\/blogdoedvaldomagalhaes.com.br\/index.php\/wp-json\/wp\/v2\/types\/post"}],"author":[{"embeddable":true,"href":"https:\/\/blogdoedvaldomagalhaes.com.br\/index.php\/wp-json\/wp\/v2\/users\/1"}],"replies":[{"embeddable":true,"href":"https:\/\/blogdoedvaldomagalhaes.com.br\/index.php\/wp-json\/wp\/v2\/comments?post=94982"}],"version-history":[{"count":1,"href":"https:\/\/blogdoedvaldomagalhaes.com.br\/index.php\/wp-json\/wp\/v2\/posts\/94982\/revisions"}],"predecessor-version":[{"id":94983,"href":"https:\/\/blogdoedvaldomagalhaes.com.br\/index.php\/wp-json\/wp\/v2\/posts\/94982\/revisions\/94983"}],"wp:featuredmedia":[{"embeddable":true,"href":"https:\/\/blogdoedvaldomagalhaes.com.br\/index.php\/wp-json\/wp\/v2\/media\/93193"}],"wp:attachment":[{"href":"https:\/\/blogdoedvaldomagalhaes.com.br\/index.php\/wp-json\/wp\/v2\/media?parent=94982"}],"wp:term":[{"taxonomy":"category","embeddable":true,"href":"https:\/\/blogdoedvaldomagalhaes.com.br\/index.php\/wp-json\/wp\/v2\/categories?post=94982"},{"taxonomy":"post_tag","embeddable":true,"href":"https:\/\/blogdoedvaldomagalhaes.com.br\/index.php\/wp-json\/wp\/v2\/tags?post=94982"}],"curies":[{"name":"wp","href":"https:\/\/api.w.org\/{rel}","templated":true}]}}