{"id":94979,"date":"2023-04-11T17:55:15","date_gmt":"2023-04-11T20:55:15","guid":{"rendered":"https:\/\/blogdoedvaldomagalhaes.com.br\/?p=94979"},"modified":"2023-04-11T17:55:17","modified_gmt":"2023-04-11T20:55:17","slug":"10a-festival-de-cinema-de-caruaru-abre-inscricoes-para-filmes","status":"publish","type":"post","link":"https:\/\/blogdoedvaldomagalhaes.com.br\/index.php\/2023\/04\/11\/10a-festival-de-cinema-de-caruaru-abre-inscricoes-para-filmes\/","title":{"rendered":"10\u00aa Festival de Cinema de Caruaru abre inscri\u00e7\u00f5es para filmes"},"content":{"rendered":"<p style=\"text-align: justify;\"><span style=\"color: initial; font-size: revert;\">O Festival de Cinema de Caruaru est\u00e1 completando dez anos de exist\u00eancia. Nesta edi\u00e7\u00e3o comemorativa, que acontecer\u00e1 entre 21 e 26 de agosto, o evento traz como novidade as mostras itinerantes, que ir\u00e3o percorrer algumas cidades do Agreste Pernambucano. Al\u00e9m disso, a programa\u00e7\u00e3o contar\u00e1 com atividades educativas e exibi\u00e7\u00f5es gratuitas no Teatro Jo\u00e3o Lyra Filho.<\/span><\/p>\n<p style=\"text-align: justify;\">Ao todo, ser\u00e3o realizadas seis mostras competitivas: Agreste, Brasil, Latino-americana, Infantil, Adolescine e Fant\u00e1sticos. Os interessados em inscreverem seus filmes dever\u00e3o preencher o formul\u00e1rio dispon\u00edvel em www.festivaldecinemadecaruaru.com.br at\u00e9 o dia 10 de maio, anexando o arquivo digital, o p\u00f4ster e a ficha t\u00e9cnica com todas as especifica\u00e7\u00f5es.<\/p>\n<p style=\"text-align: justify;\">De acordo com o regulamento, neste ano, ser\u00e3o aceitas produ\u00e7\u00f5es com dura\u00e7\u00e3o de at\u00e9 20 minutos, lan\u00e7adas a partir de 1 de janeiro de 2022. O resultado dos filmes selecionados ser\u00e1 divulgado no dia 3 de julho.<\/p>\n<p style=\"text-align: justify;\">Siga o Instagram do Blog @blogdoedvaldomagalhaes<\/p>\n","protected":false},"excerpt":{"rendered":"<p>O Festival de Cinema de Caruaru est\u00e1 completando dez anos de exist\u00eancia. Nesta edi\u00e7\u00e3o comemorativa, que acontecer\u00e1 entre 21 e&hellip;<\/p>\n","protected":false},"author":1,"featured_media":94980,"comment_status":"closed","ping_status":"open","sticky":false,"template":"","format":"standard","meta":{"footnotes":""},"categories":[14120],"tags":[27239,2,19532,3406],"class_list":["post-94979","post","type-post","status-publish","format-standard","has-post-thumbnail","hentry","category-noticias","tag-10a-festival-de-cinema-de-caruaru-abre-inscricoes-para-filmes","tag-blog-do-edvaldo-magalhaes","tag-blog-mais-acessado-e-visualizado-de-caruaru-e-regiao","tag-caruaru"],"_links":{"self":[{"href":"https:\/\/blogdoedvaldomagalhaes.com.br\/index.php\/wp-json\/wp\/v2\/posts\/94979","targetHints":{"allow":["GET"]}}],"collection":[{"href":"https:\/\/blogdoedvaldomagalhaes.com.br\/index.php\/wp-json\/wp\/v2\/posts"}],"about":[{"href":"https:\/\/blogdoedvaldomagalhaes.com.br\/index.php\/wp-json\/wp\/v2\/types\/post"}],"author":[{"embeddable":true,"href":"https:\/\/blogdoedvaldomagalhaes.com.br\/index.php\/wp-json\/wp\/v2\/users\/1"}],"replies":[{"embeddable":true,"href":"https:\/\/blogdoedvaldomagalhaes.com.br\/index.php\/wp-json\/wp\/v2\/comments?post=94979"}],"version-history":[{"count":1,"href":"https:\/\/blogdoedvaldomagalhaes.com.br\/index.php\/wp-json\/wp\/v2\/posts\/94979\/revisions"}],"predecessor-version":[{"id":94981,"href":"https:\/\/blogdoedvaldomagalhaes.com.br\/index.php\/wp-json\/wp\/v2\/posts\/94979\/revisions\/94981"}],"wp:featuredmedia":[{"embeddable":true,"href":"https:\/\/blogdoedvaldomagalhaes.com.br\/index.php\/wp-json\/wp\/v2\/media\/94980"}],"wp:attachment":[{"href":"https:\/\/blogdoedvaldomagalhaes.com.br\/index.php\/wp-json\/wp\/v2\/media?parent=94979"}],"wp:term":[{"taxonomy":"category","embeddable":true,"href":"https:\/\/blogdoedvaldomagalhaes.com.br\/index.php\/wp-json\/wp\/v2\/categories?post=94979"},{"taxonomy":"post_tag","embeddable":true,"href":"https:\/\/blogdoedvaldomagalhaes.com.br\/index.php\/wp-json\/wp\/v2\/tags?post=94979"}],"curies":[{"name":"wp","href":"https:\/\/api.w.org\/{rel}","templated":true}]}}