{"id":94042,"date":"2023-03-16T20:33:13","date_gmt":"2023-03-16T23:33:13","guid":{"rendered":"https:\/\/blogdoedvaldomagalhaes.com.br\/?p=94042"},"modified":"2023-03-16T20:40:20","modified_gmt":"2023-03-16T23:40:20","slug":"ex-presidiario-e-morto-a-tiros-e-homem-que-passava-pelo-local-e-atingido-por-bala-perdida-em-caruaru","status":"publish","type":"post","link":"https:\/\/blogdoedvaldomagalhaes.com.br\/index.php\/2023\/03\/16\/ex-presidiario-e-morto-a-tiros-e-homem-que-passava-pelo-local-e-atingido-por-bala-perdida-em-caruaru\/","title":{"rendered":"Ex-presidi\u00e1rio \u00e9 morto a tiros e homem que passava pelo local \u00e9 atingido por bala perdida, em Caruaru"},"content":{"rendered":"<p style=\"text-align: justify;\"><span style=\"font-size: revert;\">Dois homens foram baleados na tarde desta quinta-feira (16), nas proximidades da Escola Jos\u00e9lia Flor\u00eancio, na rua Jeremias Alves Lagos, no bairro S\u00e3o Jo\u00e3o da Esc\u00f3cia , em Caruaru.&nbsp;<\/span><span style=\"font-size: revert;\">Leandro da Silva Pereira, de 26 anos de idade, foi socorrido e morreu na UPA do bairro Rendeiras. &nbsp;<\/span><span style=\"font-size: revert;\">Leandro havia sido preso em 2016 por participar de um grupo de exterm\u00ednio que atuava em Caruaru.<br><\/span><\/p>\n<p style=\"text-align: justify;\"><span style=\"font-size: revert;\">Gilm\u00e1rio Jos\u00e9 dos Santos, 26 anos de idade, que passava no local foi atingido por um tiro no bra\u00e7o direito foi socorrido para o Hospital Regional do Agreste (HRA).<br>Este foi o 11\u00b0 homic\u00eddio no m\u00eas de mar\u00e7o e o 32\u00b0 no ano de 2023, em Caruaru.<\/span><\/p>\n<p style=\"text-align: justify;\">Equipes da PM foram acionadas onde realizaram rondas nas redondezas, mas ningu\u00e9m foi preso. Agentes da Delegacia de Homic\u00eddios da cidade, iniciaram as investiga\u00e7\u00f5es para elucidar o crime. Foto: Adielson Galv\u00e3o.<\/p>\n<p style=\"text-align: justify;\">Este \u00e9 o 11\u00ba homic\u00eddio do m\u00eas de mar\u00e7o na cidade e o 32\u00ba no ano de 2023.<\/p>\n\n\n<figure class=\"wp-block-image size-large\"><img loading=\"lazy\" decoding=\"async\" width=\"787\" height=\"1024\" src=\"https:\/\/blogdoedvaldomagalhaes.com.br\/wp-content\/uploads\/2023\/03\/IMG-20230316-WA01302-787x1024.jpg\" alt=\"\" class=\"wp-image-94050\" srcset=\"https:\/\/blogdoedvaldomagalhaes.com.br\/wp-content\/uploads\/2023\/03\/IMG-20230316-WA01302-787x1024.jpg 787w, https:\/\/blogdoedvaldomagalhaes.com.br\/wp-content\/uploads\/2023\/03\/IMG-20230316-WA01302-231x300.jpg 231w, https:\/\/blogdoedvaldomagalhaes.com.br\/wp-content\/uploads\/2023\/03\/IMG-20230316-WA01302-768x999.jpg 768w, https:\/\/blogdoedvaldomagalhaes.com.br\/wp-content\/uploads\/2023\/03\/IMG-20230316-WA01302.jpg 895w\" sizes=\"auto, (max-width: 787px) 100vw, 787px\" \/><figcaption class=\"wp-element-caption\">V\u00edtima: Leandro da Silva Pereira <\/figcaption><\/figure>\n","protected":false},"excerpt":{"rendered":"<p>Dois homens foram baleados na tarde desta quinta-feira (16), nas proximidades da Escola Jos\u00e9lia Flor\u00eancio, na rua Jeremias Alves Lagos,&hellip;<\/p>\n","protected":false},"author":1,"featured_media":94043,"comment_status":"closed","ping_status":"open","sticky":false,"template":"","format":"standard","meta":{"footnotes":""},"categories":[14121],"tags":[2,19532,3406,26998,5448],"class_list":["post-94042","post","type-post","status-publish","format-standard","has-post-thumbnail","hentry","category-policial","tag-blog-do-edvaldo-magalhaes","tag-blog-mais-acessado-e-visualizado-de-caruaru-e-regiao","tag-caruaru","tag-ex-presidiario-e-morto-a-tiros-e-homem-que-passava-pelo-local-e-atingido-por-bala-perdida-em-caruaru","tag-homicidio"],"_links":{"self":[{"href":"https:\/\/blogdoedvaldomagalhaes.com.br\/index.php\/wp-json\/wp\/v2\/posts\/94042","targetHints":{"allow":["GET"]}}],"collection":[{"href":"https:\/\/blogdoedvaldomagalhaes.com.br\/index.php\/wp-json\/wp\/v2\/posts"}],"about":[{"href":"https:\/\/blogdoedvaldomagalhaes.com.br\/index.php\/wp-json\/wp\/v2\/types\/post"}],"author":[{"embeddable":true,"href":"https:\/\/blogdoedvaldomagalhaes.com.br\/index.php\/wp-json\/wp\/v2\/users\/1"}],"replies":[{"embeddable":true,"href":"https:\/\/blogdoedvaldomagalhaes.com.br\/index.php\/wp-json\/wp\/v2\/comments?post=94042"}],"version-history":[{"count":5,"href":"https:\/\/blogdoedvaldomagalhaes.com.br\/index.php\/wp-json\/wp\/v2\/posts\/94042\/revisions"}],"predecessor-version":[{"id":94051,"href":"https:\/\/blogdoedvaldomagalhaes.com.br\/index.php\/wp-json\/wp\/v2\/posts\/94042\/revisions\/94051"}],"wp:featuredmedia":[{"embeddable":true,"href":"https:\/\/blogdoedvaldomagalhaes.com.br\/index.php\/wp-json\/wp\/v2\/media\/94043"}],"wp:attachment":[{"href":"https:\/\/blogdoedvaldomagalhaes.com.br\/index.php\/wp-json\/wp\/v2\/media?parent=94042"}],"wp:term":[{"taxonomy":"category","embeddable":true,"href":"https:\/\/blogdoedvaldomagalhaes.com.br\/index.php\/wp-json\/wp\/v2\/categories?post=94042"},{"taxonomy":"post_tag","embeddable":true,"href":"https:\/\/blogdoedvaldomagalhaes.com.br\/index.php\/wp-json\/wp\/v2\/tags?post=94042"}],"curies":[{"name":"wp","href":"https:\/\/api.w.org\/{rel}","templated":true}]}}