{"id":94039,"date":"2023-03-16T16:36:50","date_gmt":"2023-03-16T19:36:50","guid":{"rendered":"https:\/\/blogdoedvaldomagalhaes.com.br\/?p=94039"},"modified":"2023-03-16T16:36:51","modified_gmt":"2023-03-16T19:36:51","slug":"anderson-correia-pede-criacao-de-rota-ciclistica-com-ciclofaixas-para-interligar-bairros-de-caruaru","status":"publish","type":"post","link":"https:\/\/blogdoedvaldomagalhaes.com.br\/index.php\/2023\/03\/16\/anderson-correia-pede-criacao-de-rota-ciclistica-com-ciclofaixas-para-interligar-bairros-de-caruaru\/","title":{"rendered":"Anderson Correia pede cria\u00e7\u00e3o de Rota Cicl\u00edstica com ciclofaixas para interligar bairros de Caruaru"},"content":{"rendered":"<p style=\"text-align: justify;\"><span style=\"color: initial; font-size: revert;\">O vereador Anderson Correia (PP) apresentou um requerimento nesta quinta-feira (16) visando trazer o incentivo para pr\u00e1ticas de atividades f\u00edsicas, que promovem sa\u00fade e bem-estar. Trata-se da \u201cRota Cicl\u00edstica\u201d, que beneficiar\u00e1 toda popula\u00e7\u00e3o caruaruense, sobretudo os adeptos do ciclismo em Caruaru. A ideia proposta pelo parlamentar \u00e9 a de implanta\u00e7\u00e3o de ciclofaixas nas principais ruas e avenidas da Capital do Agreste, para interligar os bairros por meio dessas ciclofaixas, dando mais mobilidade a cidade e seguran\u00e7a para quem pedala.<\/span><\/p>\n<p style=\"text-align: justify;\">\u201cCaruaru tem crescido muito e, consequentemente, o tr\u00e2nsito da cidade tamb\u00e9m. Por isso, h\u00e1 uma necessidade da cria\u00e7\u00e3o de pol\u00edticas p\u00fablicas para melhorar a quest\u00e3o da mobilidade e os meios de se promover a sa\u00fade das pessoas. Muita gente j\u00e1 utiliza a bicicleta n\u00e3o s\u00f3 para lazer ou pr\u00e1ticas esportivas, mas tamb\u00e9m para ir ao trabalho e na rotina do dia a dia. Sendo assim, essa rota cicl\u00edstica trar\u00e1 padroniza\u00e7\u00e3o, com um local apropriado e seguro para os ciclistas se locomoverem, desafogando o tr\u00e2nsito e contribuindo para uma Caruaru mais moderna\u201d, destacou Anderson.<\/p>\n<p style=\"text-align: justify;\">Essa n\u00e3o \u00e9 primeira vez que Anderson disp\u00f5e de ideias voltadas para mobilidade. Em 2021 ele pediu a implanta\u00e7\u00e3o da \u201c\u00c1rea Zona 30\u201d e da \u201cFaixa Verde\u201d, que fazem parte de pol\u00edticas p\u00fablicas voltadas para a mobilidade urbana, implementada em diversas cidades da Europa e do Brasil. Iniciativas como a \u00c1rea 30 e a Faixa Verde ajudam a mudar a percep\u00e7\u00e3o do pedestre no tr\u00e2nsito, com a redu\u00e7\u00e3o da velocidade em 30km\/h e a cria\u00e7\u00e3o de uma faixa exclusiva para as pessoas trafegarem com seguran\u00e7a. Foto: Vladimir Barreto.<\/p>\n<p style=\"text-align: justify;\">Siga o Instagram do Blog @blogdoedvaldomagalhaes<\/p>\n","protected":false},"excerpt":{"rendered":"<p>O vereador Anderson Correia (PP) apresentou um requerimento nesta quinta-feira (16) visando trazer o incentivo para pr\u00e1ticas de atividades f\u00edsicas,&hellip;<\/p>\n","protected":false},"author":1,"featured_media":94040,"comment_status":"closed","ping_status":"open","sticky":false,"template":"","format":"standard","meta":{"footnotes":""},"categories":[14122],"tags":[26997,2,19532,3406,20],"class_list":["post-94039","post","type-post","status-publish","format-standard","has-post-thumbnail","hentry","category-politica","tag-anderson-correia-pede-criacao-de-rota-ciclistica-com-ciclofaixas-para-interligar-bairros-de-caruaru","tag-blog-do-edvaldo-magalhaes","tag-blog-mais-acessado-e-visualizado-de-caruaru-e-regiao","tag-caruaru","tag-politica"],"_links":{"self":[{"href":"https:\/\/blogdoedvaldomagalhaes.com.br\/index.php\/wp-json\/wp\/v2\/posts\/94039","targetHints":{"allow":["GET"]}}],"collection":[{"href":"https:\/\/blogdoedvaldomagalhaes.com.br\/index.php\/wp-json\/wp\/v2\/posts"}],"about":[{"href":"https:\/\/blogdoedvaldomagalhaes.com.br\/index.php\/wp-json\/wp\/v2\/types\/post"}],"author":[{"embeddable":true,"href":"https:\/\/blogdoedvaldomagalhaes.com.br\/index.php\/wp-json\/wp\/v2\/users\/1"}],"replies":[{"embeddable":true,"href":"https:\/\/blogdoedvaldomagalhaes.com.br\/index.php\/wp-json\/wp\/v2\/comments?post=94039"}],"version-history":[{"count":1,"href":"https:\/\/blogdoedvaldomagalhaes.com.br\/index.php\/wp-json\/wp\/v2\/posts\/94039\/revisions"}],"predecessor-version":[{"id":94041,"href":"https:\/\/blogdoedvaldomagalhaes.com.br\/index.php\/wp-json\/wp\/v2\/posts\/94039\/revisions\/94041"}],"wp:featuredmedia":[{"embeddable":true,"href":"https:\/\/blogdoedvaldomagalhaes.com.br\/index.php\/wp-json\/wp\/v2\/media\/94040"}],"wp:attachment":[{"href":"https:\/\/blogdoedvaldomagalhaes.com.br\/index.php\/wp-json\/wp\/v2\/media?parent=94039"}],"wp:term":[{"taxonomy":"category","embeddable":true,"href":"https:\/\/blogdoedvaldomagalhaes.com.br\/index.php\/wp-json\/wp\/v2\/categories?post=94039"},{"taxonomy":"post_tag","embeddable":true,"href":"https:\/\/blogdoedvaldomagalhaes.com.br\/index.php\/wp-json\/wp\/v2\/tags?post=94039"}],"curies":[{"name":"wp","href":"https:\/\/api.w.org\/{rel}","templated":true}]}}