{"id":94036,"date":"2023-03-16T16:19:02","date_gmt":"2023-03-16T19:19:02","guid":{"rendered":"https:\/\/blogdoedvaldomagalhaes.com.br\/?p=94036"},"modified":"2023-03-16T16:19:03","modified_gmt":"2023-03-16T19:19:03","slug":"vereador-jorge-quintino-solicita-criacao-do-beneficio-aluguel-maria-da-penha-para-mulheres-vitimas-de-violencia-domestica-ou-familiar","status":"publish","type":"post","link":"https:\/\/blogdoedvaldomagalhaes.com.br\/index.php\/2023\/03\/16\/vereador-jorge-quintino-solicita-criacao-do-beneficio-aluguel-maria-da-penha-para-mulheres-vitimas-de-violencia-domestica-ou-familiar\/","title":{"rendered":"Vereador Jorge Quintino solicita cria\u00e7\u00e3o do benef\u00edcio \u201cAluguel Maria da Penha\u201d, para mulheres v\u00edtimas de viol\u00eancia dom\u00e9stica ou fam\u00edliar"},"content":{"rendered":"<p style=\"text-align: justify;\"><span style=\"color: initial; font-size: revert;\">Esta propositura visa conceder o benef\u00edcio do \u201cAluguel Maria da Penha\u201d \u00e0s mulheres v\u00edtimas de viol\u00eancia dom\u00e9stica ou familiar, em situa\u00e7\u00e3o de vulnerabilidade e que estejam impedidas de retornar ao seu lar em virtude do risco \u00e0 sua seguran\u00e7a e de seus dependentes.<\/span><\/p>\n<p style=\"text-align: justify;\">O Aluguel Social, ser\u00e1 concedido, sem preju\u00edzo dos benefici\u00e1rios constantes nas normas regulamentadoras, \u00e0s mulheres, em situa\u00e7\u00e3o de vulnerabilidade. Dessa forma, o objetivo do benef\u00edcio ser\u00e1 conceder e garantir seguran\u00e7a \u00e0 mulher, v\u00edtima de viol\u00eancia dom\u00e9stica ou familiar que esteja impedida de retornar para o lar em virtude do risco de sofrimento de qualquer a\u00e7\u00e3o ou omiss\u00e3o baseada no g\u00eanero e oferecer benef\u00edcio social para garantir autonomia e prote\u00e7\u00e3o \u00e0 mulher e aos seus dependentes. Ademais, o Aluguel Social corresponde \u00e0 concess\u00e3o mensal do valor de R$ 420,00 (quatrocentos e vinte reais) \u00e0s mulheres que comprovem os crit\u00e9rios exigidos. Outrossim, o benef\u00edcio ser\u00e1 concedido pelo per\u00edodo de at\u00e9 12 meses, podendo ser prorrogado apenas uma vez, por igual per\u00edodo, ap\u00f3s reavalia\u00e7\u00e3o de cada per\u00edodo e mediante justificativa t\u00e9cnica emitida pela Secretaria de Pol\u00edtica para Mulheres, com a constata\u00e7\u00e3o da manuten\u00e7\u00e3o dos crit\u00e9rios de concess\u00e3o. O vereador afirma que \u201c\u00c9 imperioso que os gestores busquem iniciativas que instituam pol\u00edticas p\u00fablicas voltadas a garantir a integridade f\u00edsica, emocional e psicol\u00f3gica das mulheres em risco de morte e de seus filhos menores, promovendo o exerc\u00edcio dos direitos da sua cidadania, contribuindo assim para o resgate e fortalecimento da sua autoestima.\u201d<br \/>\nO p\u00fablico poder\u00e1 acompanhar a Sess\u00e3o atrav\u00e9s das redes sociais, da TV C\u00e2mara, canal 22.2.<\/p>\n<p style=\"text-align: justify;\">Foto: Vladimir Barreto.<\/p>\n<p style=\"text-align: justify;\">Siga o Instagram do Blog @blogdoedvaldomagalhaes<\/p>\n","protected":false},"excerpt":{"rendered":"<p>Esta propositura visa conceder o benef\u00edcio do \u201cAluguel Maria da Penha\u201d \u00e0s mulheres v\u00edtimas de viol\u00eancia dom\u00e9stica ou familiar, em&hellip;<\/p>\n","protected":false},"author":1,"featured_media":94037,"comment_status":"closed","ping_status":"open","sticky":false,"template":"","format":"standard","meta":{"footnotes":""},"categories":[14122],"tags":[2,19532,3406,20,26996],"class_list":["post-94036","post","type-post","status-publish","format-standard","has-post-thumbnail","hentry","category-politica","tag-blog-do-edvaldo-magalhaes","tag-blog-mais-acessado-e-visualizado-de-caruaru-e-regiao","tag-caruaru","tag-politica","tag-vereador-jorge-quintino-solicita-criacao-do-beneficio-aluguel-maria-da-penha-para-mulheres-vitimas-de-violencia-domestica-ou-familiar"],"_links":{"self":[{"href":"https:\/\/blogdoedvaldomagalhaes.com.br\/index.php\/wp-json\/wp\/v2\/posts\/94036","targetHints":{"allow":["GET"]}}],"collection":[{"href":"https:\/\/blogdoedvaldomagalhaes.com.br\/index.php\/wp-json\/wp\/v2\/posts"}],"about":[{"href":"https:\/\/blogdoedvaldomagalhaes.com.br\/index.php\/wp-json\/wp\/v2\/types\/post"}],"author":[{"embeddable":true,"href":"https:\/\/blogdoedvaldomagalhaes.com.br\/index.php\/wp-json\/wp\/v2\/users\/1"}],"replies":[{"embeddable":true,"href":"https:\/\/blogdoedvaldomagalhaes.com.br\/index.php\/wp-json\/wp\/v2\/comments?post=94036"}],"version-history":[{"count":1,"href":"https:\/\/blogdoedvaldomagalhaes.com.br\/index.php\/wp-json\/wp\/v2\/posts\/94036\/revisions"}],"predecessor-version":[{"id":94038,"href":"https:\/\/blogdoedvaldomagalhaes.com.br\/index.php\/wp-json\/wp\/v2\/posts\/94036\/revisions\/94038"}],"wp:featuredmedia":[{"embeddable":true,"href":"https:\/\/blogdoedvaldomagalhaes.com.br\/index.php\/wp-json\/wp\/v2\/media\/94037"}],"wp:attachment":[{"href":"https:\/\/blogdoedvaldomagalhaes.com.br\/index.php\/wp-json\/wp\/v2\/media?parent=94036"}],"wp:term":[{"taxonomy":"category","embeddable":true,"href":"https:\/\/blogdoedvaldomagalhaes.com.br\/index.php\/wp-json\/wp\/v2\/categories?post=94036"},{"taxonomy":"post_tag","embeddable":true,"href":"https:\/\/blogdoedvaldomagalhaes.com.br\/index.php\/wp-json\/wp\/v2\/tags?post=94036"}],"curies":[{"name":"wp","href":"https:\/\/api.w.org\/{rel}","templated":true}]}}