{"id":94033,"date":"2023-03-16T13:41:12","date_gmt":"2023-03-16T16:41:12","guid":{"rendered":"https:\/\/blogdoedvaldomagalhaes.com.br\/?p=94033"},"modified":"2023-03-16T13:41:13","modified_gmt":"2023-03-16T16:41:13","slug":"ex-vereador-preso-em-flagrante-com-arsenal","status":"publish","type":"post","link":"https:\/\/blogdoedvaldomagalhaes.com.br\/index.php\/2023\/03\/16\/ex-vereador-preso-em-flagrante-com-arsenal\/","title":{"rendered":"Ex-vereador preso em flagrante com arsenal"},"content":{"rendered":"<p style=\"text-align: justify;\"><span style=\"color: initial; font-size: revert;\">Policiais militares da CIPmoto prenderam, quarta-feira (15\/03), em Garanhuns, no Agreste pernambucano, um ex-vereador de Tupanatinga, no Sert\u00e3o, por porte ilegal de arma de fogo e com ele apreenderam um arsenal. O suspeito possui antecedentes criminais e a Pol\u00edcia Civil vai investigar se tem liga\u00e7\u00e3o com assaltos a bancos e roubo de carga.<\/span><\/p>\n<p style=\"text-align: justify;\">O efetivo recebeu informa\u00e7\u00f5es de que ele estaria transitando armado em um Tracker, A equipe seguiu para o local indicado, visualizou o ve\u00edculo e, ao realizar a abordagem, encontrou com o ex-parlamentar uma pistola calibre .380. Questionado, ele admitiu possuir outras armas em sua casa.<\/p>\n<p style=\"text-align: justify;\">Foi feito o deslocamento e localizados na resid\u00eancia duas espingardas calibre 12, dois rev\u00f3lveres calibre .38, cinco carregadores para pistola calibre .380, 72 muni\u00e7\u00f5es calibre .380, 53 muni\u00e7\u00f5es calibre 12, 27 muni\u00e7\u00f5es calibre .9mm, 14 muni\u00e7\u00f5es calibre .38, dez muni\u00e7\u00f5es calibre .40, nove muni\u00e7\u00f5es calibre .45, dois r\u00e1dios transmissores e R$ 21 mil em esp\u00e9cie.<\/p>\n<p style=\"text-align: justify;\">Diante dos fatos, o envolvido e todo o material apreendido foram apresentados na Delegacia de Pol\u00edcia de Garanhuns, onde foi lavrado o flagrante em desfavor do ex-vereador. Um outro homem que estava na casa tamb\u00e9m foi ouvido e liberado. Foto: Divulga\u00e7\u00e3o\/PMPE.<\/p>\n<p style=\"text-align: justify;\">Siga o Instagram do Blog @blogdoedvaldomagalhaes<\/p>\n","protected":false},"excerpt":{"rendered":"<p>Policiais militares da CIPmoto prenderam, quarta-feira (15\/03), em Garanhuns, no Agreste pernambucano, um ex-vereador de Tupanatinga, no Sert\u00e3o, por porte&hellip;<\/p>\n","protected":false},"author":1,"featured_media":94034,"comment_status":"closed","ping_status":"open","sticky":false,"template":"","format":"standard","meta":{"footnotes":""},"categories":[14121],"tags":[2,19532,3406,26994],"class_list":["post-94033","post","type-post","status-publish","format-standard","has-post-thumbnail","hentry","category-policial","tag-blog-do-edvaldo-magalhaes","tag-blog-mais-acessado-e-visualizado-de-caruaru-e-regiao","tag-caruaru","tag-ex-vereador-preso-em-flagrante-com-arsenal"],"_links":{"self":[{"href":"https:\/\/blogdoedvaldomagalhaes.com.br\/index.php\/wp-json\/wp\/v2\/posts\/94033","targetHints":{"allow":["GET"]}}],"collection":[{"href":"https:\/\/blogdoedvaldomagalhaes.com.br\/index.php\/wp-json\/wp\/v2\/posts"}],"about":[{"href":"https:\/\/blogdoedvaldomagalhaes.com.br\/index.php\/wp-json\/wp\/v2\/types\/post"}],"author":[{"embeddable":true,"href":"https:\/\/blogdoedvaldomagalhaes.com.br\/index.php\/wp-json\/wp\/v2\/users\/1"}],"replies":[{"embeddable":true,"href":"https:\/\/blogdoedvaldomagalhaes.com.br\/index.php\/wp-json\/wp\/v2\/comments?post=94033"}],"version-history":[{"count":1,"href":"https:\/\/blogdoedvaldomagalhaes.com.br\/index.php\/wp-json\/wp\/v2\/posts\/94033\/revisions"}],"predecessor-version":[{"id":94035,"href":"https:\/\/blogdoedvaldomagalhaes.com.br\/index.php\/wp-json\/wp\/v2\/posts\/94033\/revisions\/94035"}],"wp:featuredmedia":[{"embeddable":true,"href":"https:\/\/blogdoedvaldomagalhaes.com.br\/index.php\/wp-json\/wp\/v2\/media\/94034"}],"wp:attachment":[{"href":"https:\/\/blogdoedvaldomagalhaes.com.br\/index.php\/wp-json\/wp\/v2\/media?parent=94033"}],"wp:term":[{"taxonomy":"category","embeddable":true,"href":"https:\/\/blogdoedvaldomagalhaes.com.br\/index.php\/wp-json\/wp\/v2\/categories?post=94033"},{"taxonomy":"post_tag","embeddable":true,"href":"https:\/\/blogdoedvaldomagalhaes.com.br\/index.php\/wp-json\/wp\/v2\/tags?post=94033"}],"curies":[{"name":"wp","href":"https:\/\/api.w.org\/{rel}","templated":true}]}}