{"id":94027,"date":"2023-03-16T13:15:38","date_gmt":"2023-03-16T16:15:38","guid":{"rendered":"https:\/\/blogdoedvaldomagalhaes.com.br\/?p=94027"},"modified":"2023-03-16T13:15:39","modified_gmt":"2023-03-16T16:15:39","slug":"caruaru-inicia-cadastro-para-as-tradicionais-feiras-de-peixe-da-semana-santa","status":"publish","type":"post","link":"https:\/\/blogdoedvaldomagalhaes.com.br\/index.php\/2023\/03\/16\/caruaru-inicia-cadastro-para-as-tradicionais-feiras-de-peixe-da-semana-santa\/","title":{"rendered":"Caruaru inicia cadastro para as tradicionais Feiras de Peixe da Semana Santa"},"content":{"rendered":"<p style=\"text-align: justify;\"><span style=\"color: initial; font-size: revert;\">A Secretaria de Servi\u00e7os P\u00fablicos e Sustentabilidade (Sesp), informa que est\u00e3o dispon\u00edveis as inscri\u00e7\u00f5es para as Feiras de Peixe da Semana Santa, que ocorrer\u00e3o entre os dias 3 e 6 de abril, nos bairros do Salgado e da Boa Vista I e II, j\u00e1 tradicionais na nossa cidade.<\/span><\/p>\n<p style=\"text-align: justify;\">\u00c9 importante destacar que essa comercializa\u00e7\u00e3o caracterizada como Feira Livre \u00e9 de car\u00e1ter excepcional e cultural transit\u00f3rio, ocorrendo t\u00e3o somente nas datas designadas.<\/p>\n<p style=\"text-align: justify;\">Os interessados em comercializar precisam obter a autoriza\u00e7\u00e3o at\u00e9 o dia 23 de mar\u00e7o e podem realizar credenciamento atrav\u00e9s de formul\u00e1rio on-line no link https:\/\/docs.google.com\/forms\/d\/1O_x9jLXNItfr7HFvOd9CwKYAn395NJuREgCdOg2e_cw\/edit<br \/>\nou presencialmente na Ger\u00eancia de Feiras Livres e Mercados da Secretaria de Servi\u00e7os P\u00fablicos e Sustentabilidade, localizada na Pra\u00e7a Pedro de Souza, 30, bairro Nossa Senhora das Dores, com atendimento das 8h \u00e0s 14h, de segunda a sexta.<\/p>\n<p style=\"text-align: justify;\">No ato de preenchimento do formul\u00e1rio, o interessado declara o local e a mercadoria que pretende comercializar, podendo escolher entre o tradicional peixe, frutas e verduras e alimenta\u00e7\u00e3o pronta, para que o consumidor possa sair destas feiras com todos os produtos necess\u00e1rios aos preparos dos alimentos t\u00edpicos desse per\u00edodo.<\/p>\n<p style=\"text-align: justify;\">As vagas ser\u00e3o preenchidas relativas ao Salgado e Boa Vista, mediante o exposto, e, ainda, com base na ordem de inscri\u00e7\u00e3o, adequa\u00e7\u00e3o da mercadoria declarada para comercializa\u00e7\u00e3o, apresenta\u00e7\u00e3o de documenta\u00e7\u00e3o pessoal necess\u00e1ria. Os interessados que atenderem esses requisitos receber\u00e3o a autoriza\u00e7\u00e3o, sendo todos os selecionados comunicados at\u00e9 o dia 24 de mar\u00e7o e convocados para comparecimento, com documenta\u00e7\u00e3o pessoal, para assinatura e recebimento do instrumento de autoriza\u00e7\u00e3o tempor\u00e1ria, sendo ainda informados sobre o local (posi\u00e7\u00e3o do banco) designado para sua comercializa\u00e7\u00e3o.<\/p>\n<p style=\"text-align: justify;\">Al\u00e9m da montagem destas feiras especiais, os caruaruenses poder\u00e3o adquirir o tradicional peixe no Mercado de Carne do Munic\u00edpio, que funcionar\u00e1 durante toda semana, inclusive no feriado da sexta-feira, dia 07 de abril, at\u00e9 \u00e0s 12h, bem como na Feira do S\u00e3o Francisco, que, como ocorre todos os anos, ser\u00e1 antecipada da sexta para a quinta-feira, acontecendo no dia 06 de abril. No s\u00e1bado (08) e domingo (09), as feiras livres do munic\u00edpio ter\u00e3o funcionamento normal nos bairros da cidade.<\/p>\n<p style=\"text-align: justify;\">Os interessados que tiverem d\u00favidas sobre o procedimento podem entrar em contato com a Secretaria de Servi\u00e7os P\u00fablicos e Sustentabilidade pelo telefone (81) 9.8384-5650. Foto: Arquivo\/Blog.<\/p>\n<p style=\"text-align: justify;\">Siga o Instagram do Blog @blogdoedvaldomagalhaes<\/p>\n","protected":false},"excerpt":{"rendered":"<p>A Secretaria de Servi\u00e7os P\u00fablicos e Sustentabilidade (Sesp), informa que est\u00e3o dispon\u00edveis as inscri\u00e7\u00f5es para as Feiras de Peixe da&hellip;<\/p>\n","protected":false},"author":1,"featured_media":94028,"comment_status":"closed","ping_status":"open","sticky":false,"template":"","format":"standard","meta":{"footnotes":""},"categories":[14120],"tags":[2,19532,3406,26992],"class_list":["post-94027","post","type-post","status-publish","format-standard","has-post-thumbnail","hentry","category-noticias","tag-blog-do-edvaldo-magalhaes","tag-blog-mais-acessado-e-visualizado-de-caruaru-e-regiao","tag-caruaru","tag-caruaru-inicia-cadastro-para-as-tradicionais-feiras-de-peixe-da-semana-santa"],"_links":{"self":[{"href":"https:\/\/blogdoedvaldomagalhaes.com.br\/index.php\/wp-json\/wp\/v2\/posts\/94027","targetHints":{"allow":["GET"]}}],"collection":[{"href":"https:\/\/blogdoedvaldomagalhaes.com.br\/index.php\/wp-json\/wp\/v2\/posts"}],"about":[{"href":"https:\/\/blogdoedvaldomagalhaes.com.br\/index.php\/wp-json\/wp\/v2\/types\/post"}],"author":[{"embeddable":true,"href":"https:\/\/blogdoedvaldomagalhaes.com.br\/index.php\/wp-json\/wp\/v2\/users\/1"}],"replies":[{"embeddable":true,"href":"https:\/\/blogdoedvaldomagalhaes.com.br\/index.php\/wp-json\/wp\/v2\/comments?post=94027"}],"version-history":[{"count":1,"href":"https:\/\/blogdoedvaldomagalhaes.com.br\/index.php\/wp-json\/wp\/v2\/posts\/94027\/revisions"}],"predecessor-version":[{"id":94029,"href":"https:\/\/blogdoedvaldomagalhaes.com.br\/index.php\/wp-json\/wp\/v2\/posts\/94027\/revisions\/94029"}],"wp:featuredmedia":[{"embeddable":true,"href":"https:\/\/blogdoedvaldomagalhaes.com.br\/index.php\/wp-json\/wp\/v2\/media\/94028"}],"wp:attachment":[{"href":"https:\/\/blogdoedvaldomagalhaes.com.br\/index.php\/wp-json\/wp\/v2\/media?parent=94027"}],"wp:term":[{"taxonomy":"category","embeddable":true,"href":"https:\/\/blogdoedvaldomagalhaes.com.br\/index.php\/wp-json\/wp\/v2\/categories?post=94027"},{"taxonomy":"post_tag","embeddable":true,"href":"https:\/\/blogdoedvaldomagalhaes.com.br\/index.php\/wp-json\/wp\/v2\/tags?post=94027"}],"curies":[{"name":"wp","href":"https:\/\/api.w.org\/{rel}","templated":true}]}}