{"id":94023,"date":"2023-03-16T10:38:56","date_gmt":"2023-03-16T13:38:56","guid":{"rendered":"https:\/\/blogdoedvaldomagalhaes.com.br\/?p=94023"},"modified":"2023-03-16T11:08:39","modified_gmt":"2023-03-16T14:08:39","slug":"centro-social-junior-letal-faz-doacao-de-mascaras-de-protecao-para-instituicoes-de-caruaru","status":"publish","type":"post","link":"https:\/\/blogdoedvaldomagalhaes.com.br\/index.php\/2023\/03\/16\/centro-social-junior-letal-faz-doacao-de-mascaras-de-protecao-para-instituicoes-de-caruaru\/","title":{"rendered":"Centro Social J\u00fanior Letal faz doa\u00e7\u00e3o de m\u00e1scaras de prote\u00e7\u00e3o para institui\u00e7\u00f5es de Caruaru"},"content":{"rendered":"<p style=\"text-align: justify;\"><span style=\"font-size: revert; color: initial;\">O Centro Social Comunit\u00e1rio J\u00fanior Letal, com sede no bairro Agamenon Magalh\u00e3es, realizou nesta quarta-feira 15, a doa\u00e7\u00e3o de m\u00e1scaras de prote\u00e7\u00e3o para a Associa\u00e7\u00e3o de Pais e Amigos dos Excepcionais de Caruaru (Apae), Casa dos Pobres S\u00e3o Francisco de Assis, Centro de Oncologia de Caruaru (Ceoc), e na Unidade B\u00e1sica de Sa\u00fade (UBS) da pr\u00f3pria localidade.<\/span><\/p>\n<p style=\"text-align: justify;\">De acordo com J\u00fanior Letal, diretor do Centro Social, ajudar outras entidades dividindo o que se recebe faz parte do projeto.<\/p>\n<p style=\"text-align: justify;\">No in\u00edcio do m\u00eas, o Centro Social Comunit\u00e1rio J\u00fanior Letal, que fica no Bairro Agamenon Magalh\u00e3es, recebeu cerca de (10) dez mil m\u00e1scaras de prote\u00e7\u00e3o que foram doadas por um produtor para auxiliar nas atividades do projeto, e em decis\u00e3o conjunta com os volunt\u00e1rios do espa\u00e7o surgiu a ideia de dividir as m\u00e1scaras com outras institui\u00e7\u00f5es.<\/p>\n<p style=\"text-align: justify;\">&#8220;Nosso Centro Social foi criado para ajudar a diminuir as dificuldades das pessoas, sendo assim \u00e9 importante dividirmos com outras entidades aquilo que recebemos em grande quantidade &#8221; explicou J\u00fanior Letal.<\/p>\n<p>Foto: Divulga\u00e7\u00e3o.<\/p>\n<p style=\"text-align: justify;\">Siga o Instagram do Blog @blogdoedvaldomagalhaes<\/p>\n","protected":false},"excerpt":{"rendered":"<p>O Centro Social Comunit\u00e1rio J\u00fanior Letal, com sede no bairro Agamenon Magalh\u00e3es, realizou nesta quarta-feira 15, a doa\u00e7\u00e3o de m\u00e1scaras&hellip;<\/p>\n","protected":false},"author":1,"featured_media":94026,"comment_status":"closed","ping_status":"open","sticky":false,"template":"","format":"standard","meta":{"footnotes":""},"categories":[14120],"tags":[2,19532,3406,26991],"class_list":["post-94023","post","type-post","status-publish","format-standard","has-post-thumbnail","hentry","category-noticias","tag-blog-do-edvaldo-magalhaes","tag-blog-mais-acessado-e-visualizado-de-caruaru-e-regiao","tag-caruaru","tag-centro-social-junior-letal-faz-doacao-de-mascaras-de-protecao-para-instituicoes-de-caruaru"],"_links":{"self":[{"href":"https:\/\/blogdoedvaldomagalhaes.com.br\/index.php\/wp-json\/wp\/v2\/posts\/94023","targetHints":{"allow":["GET"]}}],"collection":[{"href":"https:\/\/blogdoedvaldomagalhaes.com.br\/index.php\/wp-json\/wp\/v2\/posts"}],"about":[{"href":"https:\/\/blogdoedvaldomagalhaes.com.br\/index.php\/wp-json\/wp\/v2\/types\/post"}],"author":[{"embeddable":true,"href":"https:\/\/blogdoedvaldomagalhaes.com.br\/index.php\/wp-json\/wp\/v2\/users\/1"}],"replies":[{"embeddable":true,"href":"https:\/\/blogdoedvaldomagalhaes.com.br\/index.php\/wp-json\/wp\/v2\/comments?post=94023"}],"version-history":[{"count":1,"href":"https:\/\/blogdoedvaldomagalhaes.com.br\/index.php\/wp-json\/wp\/v2\/posts\/94023\/revisions"}],"predecessor-version":[{"id":94025,"href":"https:\/\/blogdoedvaldomagalhaes.com.br\/index.php\/wp-json\/wp\/v2\/posts\/94023\/revisions\/94025"}],"wp:featuredmedia":[{"embeddable":true,"href":"https:\/\/blogdoedvaldomagalhaes.com.br\/index.php\/wp-json\/wp\/v2\/media\/94026"}],"wp:attachment":[{"href":"https:\/\/blogdoedvaldomagalhaes.com.br\/index.php\/wp-json\/wp\/v2\/media?parent=94023"}],"wp:term":[{"taxonomy":"category","embeddable":true,"href":"https:\/\/blogdoedvaldomagalhaes.com.br\/index.php\/wp-json\/wp\/v2\/categories?post=94023"},{"taxonomy":"post_tag","embeddable":true,"href":"https:\/\/blogdoedvaldomagalhaes.com.br\/index.php\/wp-json\/wp\/v2\/tags?post=94023"}],"curies":[{"name":"wp","href":"https:\/\/api.w.org\/{rel}","templated":true}]}}