{"id":94015,"date":"2023-03-15T22:44:24","date_gmt":"2023-03-16T01:44:24","guid":{"rendered":"https:\/\/blogdoedvaldomagalhaes.com.br\/?p=94015"},"modified":"2023-03-15T22:56:42","modified_gmt":"2023-03-16T01:56:42","slug":"governadora-raquel-lyra-se-encontra-com-o-vice-presidente-geraldo-alkimin","status":"publish","type":"post","link":"https:\/\/blogdoedvaldomagalhaes.com.br\/index.php\/2023\/03\/15\/governadora-raquel-lyra-se-encontra-com-o-vice-presidente-geraldo-alkimin\/","title":{"rendered":"Governadora Raquel Lyra se encontra com o vice-presidente Geraldo Alkimin"},"content":{"rendered":"<p style=\"text-align: justify;\">A governadora de Pernambuco, Raquel Lyra, teve um encontro com o vice-presidente da Rep\u00fablica e ministro do Desenvolvimento, Geraldo Alkimin, nesta quarta-feira (15), em Bras\u00edlia.<\/p>\n<p style=\"text-align: justify;\">\u201cTivemos um encontro para tratar de pautas de interesse de Pernambuco. Ningu\u00e9m faz nada sozinho. Ainda mais quando se trata de pol\u00edticas p\u00fablicas complexas, como da seguran\u00e7a p\u00fablica. Por isso, fiquei feliz em participar hoje do lan\u00e7amento do Pronasci &#8211; Programa Nacional de Seguran\u00e7a P\u00fablica com Cidadania, em Bras\u00edlia, defendendo uma pauta t\u00e3o importante para Pernambuco. Ao lado do presidente Lula e do ministro da Justi\u00e7a, Fl\u00e1vio Dino, eu e a governadora em exerc\u00edcio do Distrito Federal, Celina Le\u00e3o, recebemos, de forma simb\u00f3lica, as chaves das viaturas que ser\u00e3o disponibilizadas para as patrulhas Maria da Penha e as delegacias especializadas de Atendimento para Mulheres de todo o pa\u00eds, sendo 12 delas para Pernambuco. Na solenidade, falei em nome dos governadores e deixei claro a necessidade de trabalharmos de forma integrada, para darmos uma resposta mais eficiente. O que realmente importa \u00e9 garantir mais seguran\u00e7a para a popula\u00e7\u00e3o e salvar vidas\u201d, afirmou Raquel Lyra.<\/p>\n<p style=\"text-align: justify;\">Siga o Instagram do Blog @blogdoedvaldomagalhaes<\/p>\n\n\n<figure class=\"wp-block-image size-large\"><img loading=\"lazy\" decoding=\"async\" width=\"819\" height=\"1024\" src=\"https:\/\/blogdoedvaldomagalhaes.com.br\/wp-content\/uploads\/2023\/03\/B8006CF0-F97F-4969-84B3-86FDD6E6B1F1-819x1024.jpeg\" alt=\"\" class=\"wp-image-94019\" srcset=\"https:\/\/blogdoedvaldomagalhaes.com.br\/wp-content\/uploads\/2023\/03\/B8006CF0-F97F-4969-84B3-86FDD6E6B1F1-819x1024.jpeg 819w, https:\/\/blogdoedvaldomagalhaes.com.br\/wp-content\/uploads\/2023\/03\/B8006CF0-F97F-4969-84B3-86FDD6E6B1F1-240x300.jpeg 240w, https:\/\/blogdoedvaldomagalhaes.com.br\/wp-content\/uploads\/2023\/03\/B8006CF0-F97F-4969-84B3-86FDD6E6B1F1-768x960.jpeg 768w, https:\/\/blogdoedvaldomagalhaes.com.br\/wp-content\/uploads\/2023\/03\/B8006CF0-F97F-4969-84B3-86FDD6E6B1F1-1228x1536.jpeg 1228w, https:\/\/blogdoedvaldomagalhaes.com.br\/wp-content\/uploads\/2023\/03\/B8006CF0-F97F-4969-84B3-86FDD6E6B1F1.jpeg 1349w\" sizes=\"auto, (max-width: 819px) 100vw, 819px\" \/><figcaption class=\"wp-element-caption\">Fotos: Reprodu\u00e7\u00e3o\/Redes sociais <\/figcaption><\/figure>\n","protected":false},"excerpt":{"rendered":"<p>A governadora de Pernambuco, Raquel Lyra, teve um encontro com o vice-presidente da Rep\u00fablica e ministro do Desenvolvimento, Geraldo Alkimin,&hellip;<\/p>\n","protected":false},"author":1,"featured_media":94018,"comment_status":"closed","ping_status":"open","sticky":false,"template":"","format":"standard","meta":{"footnotes":""},"categories":[14122],"tags":[2,19532,3406,26990],"class_list":["post-94015","post","type-post","status-publish","format-standard","has-post-thumbnail","hentry","category-politica","tag-blog-do-edvaldo-magalhaes","tag-blog-mais-acessado-e-visualizado-de-caruaru-e-regiao","tag-caruaru","tag-governadora-raquel-lyra-se-encontra-com-o-vice-presidente-geraldo-alkimin"],"_links":{"self":[{"href":"https:\/\/blogdoedvaldomagalhaes.com.br\/index.php\/wp-json\/wp\/v2\/posts\/94015","targetHints":{"allow":["GET"]}}],"collection":[{"href":"https:\/\/blogdoedvaldomagalhaes.com.br\/index.php\/wp-json\/wp\/v2\/posts"}],"about":[{"href":"https:\/\/blogdoedvaldomagalhaes.com.br\/index.php\/wp-json\/wp\/v2\/types\/post"}],"author":[{"embeddable":true,"href":"https:\/\/blogdoedvaldomagalhaes.com.br\/index.php\/wp-json\/wp\/v2\/users\/1"}],"replies":[{"embeddable":true,"href":"https:\/\/blogdoedvaldomagalhaes.com.br\/index.php\/wp-json\/wp\/v2\/comments?post=94015"}],"version-history":[{"count":2,"href":"https:\/\/blogdoedvaldomagalhaes.com.br\/index.php\/wp-json\/wp\/v2\/posts\/94015\/revisions"}],"predecessor-version":[{"id":94020,"href":"https:\/\/blogdoedvaldomagalhaes.com.br\/index.php\/wp-json\/wp\/v2\/posts\/94015\/revisions\/94020"}],"wp:featuredmedia":[{"embeddable":true,"href":"https:\/\/blogdoedvaldomagalhaes.com.br\/index.php\/wp-json\/wp\/v2\/media\/94018"}],"wp:attachment":[{"href":"https:\/\/blogdoedvaldomagalhaes.com.br\/index.php\/wp-json\/wp\/v2\/media?parent=94015"}],"wp:term":[{"taxonomy":"category","embeddable":true,"href":"https:\/\/blogdoedvaldomagalhaes.com.br\/index.php\/wp-json\/wp\/v2\/categories?post=94015"},{"taxonomy":"post_tag","embeddable":true,"href":"https:\/\/blogdoedvaldomagalhaes.com.br\/index.php\/wp-json\/wp\/v2\/tags?post=94015"}],"curies":[{"name":"wp","href":"https:\/\/api.w.org\/{rel}","templated":true}]}}