{"id":94006,"date":"2023-03-15T18:37:02","date_gmt":"2023-03-15T21:37:02","guid":{"rendered":"https:\/\/blogdoedvaldomagalhaes.com.br\/?p=94006"},"modified":"2023-03-15T23:25:45","modified_gmt":"2023-03-16T02:25:45","slug":"samu-caruaru-ministra-curso-de-nocoes-basicas-de-primeiros-socorros-na-penitenciaria-de-caruaru","status":"publish","type":"post","link":"https:\/\/blogdoedvaldomagalhaes.com.br\/index.php\/2023\/03\/15\/samu-caruaru-ministra-curso-de-nocoes-basicas-de-primeiros-socorros-na-penitenciaria-de-caruaru\/","title":{"rendered":"Samu Caruaru ministra curso de No\u00e7\u00f5es B\u00e1sicas de Primeiros Socorros na Penitenci\u00e1ria de Caruaru"},"content":{"rendered":"<p style=\"text-align: justify;\"><span style=\"font-size: revert;\">A Secretaria de Sa\u00fade de Caruaru, por meio das equipes do Samu Caruaru, realizou, nessa segunda-feira (15), o Curso de No\u00e7\u00f5es B\u00e1sicas de Primeiros Socorros para as Pessoas Privadas de Liberdade (PPLs) da Penitenci\u00e1ria Juiz Pl\u00e1cido de Souza ( PJPS), em Caruaru.<\/span><\/p>\n<p style=\"text-align: justify;\">A forma\u00e7\u00e3o contou com a participa\u00e7\u00e3o de 32 PPLs de v\u00e1rios pavilh\u00f5es, inclusive os que trabalham no setor de sa\u00fade, e teve como objetivo orient\u00e1-los como agir corretamente em situa\u00e7\u00f5es de emerg\u00eancia, dentro da penitenci\u00e1ria, contribuindo com a efici\u00eancia do socorro e a redu\u00e7\u00e3o de danos graves at\u00e9 a realiza\u00e7\u00e3o do atendimento na unidade especializada.<\/p>\n<p style=\"text-align: justify;\">A forma\u00e7\u00e3o foi realizada pela equipe do SAMU Caruaru em parceria com os setores de Sa\u00fade e Educa\u00e7\u00e3o da PJPS. Durante o encontro, os internos aprenderam as t\u00e9cnicas e os procedimentos necess\u00e1rios para as primeiras a\u00e7\u00f5es de socorro \u00e0 v\u00edtima de queimaduras, fraturas e ferimentos causados por objetos perfurantes, bem como a realizar RCP (reanima\u00e7\u00e3o cardiopulmonar), imobiliza\u00e7\u00e3o, transporte e outros.<\/p>\n<p style=\"text-align: justify;\">\u201cO atendimento de primeiros socorros, quando realizado por pessoas devidamente treinadas, pode determinar a diferen\u00e7a entre a vida e a morte. Por isso, quanto maior o n\u00famero de pessoas que tiverem ci\u00eancia de como realizar os procedimentos de primeiros socorros, melhor ser\u00e1 o desempenho delas em eventuais necessidades&#8221;, disse o coordenador do Samu Caruaru, Pedro Henrique.<\/p>\n<p style=\"text-align: justify;\">Siga o Instagram do Blog @blogdoedvaldomagalhaes<\/p>\n\n\n<figure class=\"wp-block-image size-large\"><img loading=\"lazy\" decoding=\"async\" width=\"1024\" height=\"769\" src=\"https:\/\/blogdoedvaldomagalhaes.com.br\/wp-content\/uploads\/2023\/03\/FCF5000A-F05C-4C85-AC53-2DE6234DC9BF-1024x769.jpeg\" alt=\"\" class=\"wp-image-94021\" srcset=\"https:\/\/blogdoedvaldomagalhaes.com.br\/wp-content\/uploads\/2023\/03\/FCF5000A-F05C-4C85-AC53-2DE6234DC9BF-1024x769.jpeg 1024w, https:\/\/blogdoedvaldomagalhaes.com.br\/wp-content\/uploads\/2023\/03\/FCF5000A-F05C-4C85-AC53-2DE6234DC9BF-300x225.jpeg 300w, https:\/\/blogdoedvaldomagalhaes.com.br\/wp-content\/uploads\/2023\/03\/FCF5000A-F05C-4C85-AC53-2DE6234DC9BF-768x577.jpeg 768w, https:\/\/blogdoedvaldomagalhaes.com.br\/wp-content\/uploads\/2023\/03\/FCF5000A-F05C-4C85-AC53-2DE6234DC9BF-160x120.jpeg 160w, https:\/\/blogdoedvaldomagalhaes.com.br\/wp-content\/uploads\/2023\/03\/FCF5000A-F05C-4C85-AC53-2DE6234DC9BF.jpeg 1080w\" sizes=\"auto, (max-width: 1024px) 100vw, 1024px\" \/><figcaption class=\"wp-element-caption\">Fotos: Divulga\u00e7\u00e3o <\/figcaption><\/figure>\n","protected":false},"excerpt":{"rendered":"<p>A Secretaria de Sa\u00fade de Caruaru, por meio das equipes do Samu Caruaru, realizou, nessa segunda-feira (15), o Curso de&hellip;<\/p>\n","protected":false},"author":1,"featured_media":94007,"comment_status":"closed","ping_status":"open","sticky":false,"template":"","format":"standard","meta":{"footnotes":""},"categories":[14120],"tags":[2,19532,3406,26988],"class_list":["post-94006","post","type-post","status-publish","format-standard","has-post-thumbnail","hentry","category-noticias","tag-blog-do-edvaldo-magalhaes","tag-blog-mais-acessado-e-visualizado-de-caruaru-e-regiao","tag-caruaru","tag-samu-caruaru-ministra-curso-de-nocoes-basicas-de-primeiros-socorros-na-penitenciaria-de-caruaru"],"_links":{"self":[{"href":"https:\/\/blogdoedvaldomagalhaes.com.br\/index.php\/wp-json\/wp\/v2\/posts\/94006","targetHints":{"allow":["GET"]}}],"collection":[{"href":"https:\/\/blogdoedvaldomagalhaes.com.br\/index.php\/wp-json\/wp\/v2\/posts"}],"about":[{"href":"https:\/\/blogdoedvaldomagalhaes.com.br\/index.php\/wp-json\/wp\/v2\/types\/post"}],"author":[{"embeddable":true,"href":"https:\/\/blogdoedvaldomagalhaes.com.br\/index.php\/wp-json\/wp\/v2\/users\/1"}],"replies":[{"embeddable":true,"href":"https:\/\/blogdoedvaldomagalhaes.com.br\/index.php\/wp-json\/wp\/v2\/comments?post=94006"}],"version-history":[{"count":2,"href":"https:\/\/blogdoedvaldomagalhaes.com.br\/index.php\/wp-json\/wp\/v2\/posts\/94006\/revisions"}],"predecessor-version":[{"id":94022,"href":"https:\/\/blogdoedvaldomagalhaes.com.br\/index.php\/wp-json\/wp\/v2\/posts\/94006\/revisions\/94022"}],"wp:featuredmedia":[{"embeddable":true,"href":"https:\/\/blogdoedvaldomagalhaes.com.br\/index.php\/wp-json\/wp\/v2\/media\/94007"}],"wp:attachment":[{"href":"https:\/\/blogdoedvaldomagalhaes.com.br\/index.php\/wp-json\/wp\/v2\/media?parent=94006"}],"wp:term":[{"taxonomy":"category","embeddable":true,"href":"https:\/\/blogdoedvaldomagalhaes.com.br\/index.php\/wp-json\/wp\/v2\/categories?post=94006"},{"taxonomy":"post_tag","embeddable":true,"href":"https:\/\/blogdoedvaldomagalhaes.com.br\/index.php\/wp-json\/wp\/v2\/tags?post=94006"}],"curies":[{"name":"wp","href":"https:\/\/api.w.org\/{rel}","templated":true}]}}