{"id":94003,"date":"2023-03-15T18:11:39","date_gmt":"2023-03-15T21:11:39","guid":{"rendered":"https:\/\/blogdoedvaldomagalhaes.com.br\/?p=94003"},"modified":"2023-03-15T18:11:40","modified_gmt":"2023-03-15T21:11:40","slug":"prefeitura-de-caruaru-convoca-mais-70-estagiarios-para-a-educacao","status":"publish","type":"post","link":"https:\/\/blogdoedvaldomagalhaes.com.br\/index.php\/2023\/03\/15\/prefeitura-de-caruaru-convoca-mais-70-estagiarios-para-a-educacao\/","title":{"rendered":"Prefeitura de Caruaru convoca mais 70 estagi\u00e1rios para a Educa\u00e7\u00e3o"},"content":{"rendered":"<p style=\"text-align: justify;\"><span style=\"font-size: revert;\">A Prefeitura de Caruaru, por meio da Secretaria de Administra\u00e7\u00e3o (SAD), convocou mais 70 estagi\u00e1rios do Programa Tempo Certo que ir\u00e3o atuar na Secretaria de Educa\u00e7\u00e3o (Seduc). O ato foi publicado no Di\u00e1rio Oficial do munic\u00edpio n\u00ba 1796, dessa ter\u00e7a-feira (14.03), onde constam os nomes dos selecionados. Para este momento, foram chamados 30 estudantes de Pedagogia, 20 de Letras e 20 de Matem\u00e1tica, F\u00edsica e Qu\u00edmica. A carga hor\u00e1ria \u00e9 de 30 horas semanais e o valor da bolsa \u00e9 de R$ 1.320.<\/span><\/p>\n<p style=\"text-align: justify;\">Os estudantes dever\u00e3o comparecer com a documenta\u00e7\u00e3o em m\u00e3os, \u00e0 sede da Secretaria de Administra\u00e7\u00e3o, localizada na Rua Professor Lourival Vilanova, 118, Bairro Universit\u00e1rio, Caruaru- PE, nos dias 20, 22 e 24 de mar\u00e7o, conforme a convoca\u00e7\u00e3o. Caso a documenta\u00e7\u00e3o solicitada n\u00e3o seja apresentada, o candidato ser\u00e1 exclu\u00eddo do processo seletivo, sendo convocado o pr\u00f3ximo participante em lista de espera. Os hor\u00e1rios, a lista com os nomes e todas as informa\u00e7\u00f5es est\u00e3o descritas na publica\u00e7\u00e3o do Di\u00e1rio Oficial, que pode ser conferida no link: http:\/\/diario-oficial.caruaru.pe.gov.br\/ .<\/p>\n<p style=\"text-align: justify;\">As convoca\u00e7\u00f5es de est\u00e1gio est\u00e3o sendo realizadas de modo sequencial, conforme a necessidade de demanda da Seduc. A lista de aprovados pode ser conferida no Di\u00e1rio Oficial n\u00ba 1778, do dia 10.02.2023. Todas as novidades poder\u00e3o ser acompanhadas atrav\u00e9s do Di\u00e1rio Oficial do Munic\u00edpio ou do site http:\/\/selecoes.caruaru.pe.gov.br.<\/p>\n<p style=\"text-align: justify;\">Segue a lista da documenta\u00e7\u00e3o exigida (original e fotoc\u00f3pia):<\/p>\n<p style=\"text-align: justify;\">a) RG e CPF;<br \/>\nb) CPF (Pai e M\u00e3e);<br \/>\nc) Certid\u00e3o de quita\u00e7\u00e3o eleitoral emitida pelo TSE;<br \/>\nd) Quita\u00e7\u00e3o do servi\u00e7o militar, se do sexo masculino e maior de 18 anos;<br \/>\ne) Declara\u00e7\u00e3o atual de matr\u00edcula emitida pela Institui\u00e7\u00e3o de Ensino Superior informando o per\u00edodo ao qual o candidato est\u00e1 matriculado;<br \/>\nf) Comprovante de Resid\u00eancia;<br \/>\ng) 1 foto 3&#215;4 h) CTPS (p\u00e1gina da foto frente e verso e qualifica\u00e7\u00e3o);<br \/>\ni) Conta Banc\u00e1ria;<br \/>\nj) PIS, NIS ou NIT k) CNH (caso possua);<br \/>\nl) Comprovantes dos cursos e atividades acad\u00eamicas complementares declaradas no Formul\u00e1rio de Inscri\u00e7\u00e3o;<br \/>\nm) Declara\u00e7\u00e3o de Aptid\u00e3o para Est\u00e1gio (presente no anexo VIII do Edital da Sele\u00e7\u00e3o);<br \/>\nn) Dados do Professor Orientador da Institui\u00e7\u00e3o de Ensino \u2013 nome, CPF, forma\u00e7\u00e3o, e-mail e telefone. Foto: Jorge Farias.<\/p>\n<p style=\"text-align: justify;\">Siga o Instagram do Blog @blogdoedvaldomagalhaes<\/p>\n","protected":false},"excerpt":{"rendered":"<p>A Prefeitura de Caruaru, por meio da Secretaria de Administra\u00e7\u00e3o (SAD), convocou mais 70 estagi\u00e1rios do Programa Tempo Certo que&hellip;<\/p>\n","protected":false},"author":1,"featured_media":94004,"comment_status":"closed","ping_status":"open","sticky":false,"template":"","format":"standard","meta":{"footnotes":""},"categories":[14120],"tags":[2,19532,3406,26987],"class_list":["post-94003","post","type-post","status-publish","format-standard","has-post-thumbnail","hentry","category-noticias","tag-blog-do-edvaldo-magalhaes","tag-blog-mais-acessado-e-visualizado-de-caruaru-e-regiao","tag-caruaru","tag-prefeitura-de-caruaru-convoca-mais-70-estagiarios-para-a-educacao"],"_links":{"self":[{"href":"https:\/\/blogdoedvaldomagalhaes.com.br\/index.php\/wp-json\/wp\/v2\/posts\/94003","targetHints":{"allow":["GET"]}}],"collection":[{"href":"https:\/\/blogdoedvaldomagalhaes.com.br\/index.php\/wp-json\/wp\/v2\/posts"}],"about":[{"href":"https:\/\/blogdoedvaldomagalhaes.com.br\/index.php\/wp-json\/wp\/v2\/types\/post"}],"author":[{"embeddable":true,"href":"https:\/\/blogdoedvaldomagalhaes.com.br\/index.php\/wp-json\/wp\/v2\/users\/1"}],"replies":[{"embeddable":true,"href":"https:\/\/blogdoedvaldomagalhaes.com.br\/index.php\/wp-json\/wp\/v2\/comments?post=94003"}],"version-history":[{"count":1,"href":"https:\/\/blogdoedvaldomagalhaes.com.br\/index.php\/wp-json\/wp\/v2\/posts\/94003\/revisions"}],"predecessor-version":[{"id":94005,"href":"https:\/\/blogdoedvaldomagalhaes.com.br\/index.php\/wp-json\/wp\/v2\/posts\/94003\/revisions\/94005"}],"wp:featuredmedia":[{"embeddable":true,"href":"https:\/\/blogdoedvaldomagalhaes.com.br\/index.php\/wp-json\/wp\/v2\/media\/94004"}],"wp:attachment":[{"href":"https:\/\/blogdoedvaldomagalhaes.com.br\/index.php\/wp-json\/wp\/v2\/media?parent=94003"}],"wp:term":[{"taxonomy":"category","embeddable":true,"href":"https:\/\/blogdoedvaldomagalhaes.com.br\/index.php\/wp-json\/wp\/v2\/categories?post=94003"},{"taxonomy":"post_tag","embeddable":true,"href":"https:\/\/blogdoedvaldomagalhaes.com.br\/index.php\/wp-json\/wp\/v2\/tags?post=94003"}],"curies":[{"name":"wp","href":"https:\/\/api.w.org\/{rel}","templated":true}]}}