{"id":93998,"date":"2023-03-15T13:47:09","date_gmt":"2023-03-15T16:47:09","guid":{"rendered":"https:\/\/blogdoedvaldomagalhaes.com.br\/?p=93998"},"modified":"2023-03-15T13:48:14","modified_gmt":"2023-03-15T16:48:14","slug":"conheca-um-pouco-da-historia-de-emilly-da-apae-garanhuns","status":"publish","type":"post","link":"https:\/\/blogdoedvaldomagalhaes.com.br\/index.php\/2023\/03\/15\/conheca-um-pouco-da-historia-de-emilly-da-apae-garanhuns\/","title":{"rendered":"Conhe\u00e7a um pouco da hist\u00f3ria de Emilly, da Apae Garanhuns"},"content":{"rendered":"<p style=\"text-align: justify;\"><span style=\"font-size: revert;\">Emilly Monteiro dos Santos tem 02 anos de idade \u00e9 filha \u00fanica e natural da cidade de Garanhuns, Emilly sofreu paralisia cerebral com 01 m\u00eas de vida ap\u00f3s uma meningite. Desde novembro de 2021 ela recebe atendimentos terap\u00eauticos em fisioterapia, fonoaudiologia, psicopedagogia como tamb\u00e9m, \u00e9 acompanhada pelo neurologista e psic\u00f3loga na Apae de Garanhuns. Quando iniciou as terapias ela n\u00e3o respondia a est\u00edmulos, n\u00e3o conseguia alcan\u00e7ar objetos, nem acompanhava os est\u00edmulos visuais, atualmente ela j\u00e1 apresenta uma evolu\u00e7\u00e3o quanto as atividades l\u00fadicas, est\u00edmulos visuais e auditivos.<\/span><\/p>\n<p style=\"text-align: justify;\">Emilly \u00e9 uma das 250 crian\u00e7as atendidas atualmente pela Apae de Garanhuns nas \u00e1reas de sa\u00fade, educa\u00e7\u00e3o e assist\u00eancia social. A institui\u00e7\u00e3o existe h\u00e1 mais de 50 anos e j\u00e1 mudou a realidade de milhares de pessoas. Voc\u00ea pode ser parte desse movimento e ajudar a mudar a vida de pessoas como Emilly. Colabore, seja um doador, voc\u00ea pode doar na sua conta de \u00e1gua, atrav\u00e9s da campanha \u201cConta comigo\u201d da Compesa, ligue 0800 081 0195 e doe \u00e0 partir de 1 real.<\/p>\n<p style=\"text-align: justify;\">Siga o Instagram do Blog @blogdoedvaldomagalhaes<\/p>\n\n\n<figure class=\"wp-block-image size-full\"><img loading=\"lazy\" decoding=\"async\" width=\"768\" height=\"1024\" src=\"https:\/\/blogdoedvaldomagalhaes.com.br\/wp-content\/uploads\/2023\/03\/3744F2C7-E575-4ECA-AB90-433AE056BB23.jpeg\" alt=\"\" class=\"wp-image-94001\" srcset=\"https:\/\/blogdoedvaldomagalhaes.com.br\/wp-content\/uploads\/2023\/03\/3744F2C7-E575-4ECA-AB90-433AE056BB23.jpeg 768w, https:\/\/blogdoedvaldomagalhaes.com.br\/wp-content\/uploads\/2023\/03\/3744F2C7-E575-4ECA-AB90-433AE056BB23-225x300.jpeg 225w\" sizes=\"auto, (max-width: 768px) 100vw, 768px\" \/><figcaption class=\"wp-element-caption\">Fotos: Divulga\u00e7\u00e3o <\/figcaption><\/figure>\n","protected":false},"excerpt":{"rendered":"<p>Emilly Monteiro dos Santos tem 02 anos de idade \u00e9 filha \u00fanica e natural da cidade de Garanhuns, Emilly sofreu&hellip;<\/p>\n","protected":false},"author":1,"featured_media":93999,"comment_status":"closed","ping_status":"open","sticky":false,"template":"","format":"standard","meta":{"footnotes":""},"categories":[14120],"tags":[2,19532,3406,26986],"class_list":["post-93998","post","type-post","status-publish","format-standard","has-post-thumbnail","hentry","category-noticias","tag-blog-do-edvaldo-magalhaes","tag-blog-mais-acessado-e-visualizado-de-caruaru-e-regiao","tag-caruaru","tag-conheca-um-pouco-da-historia-de-emilly-da-apae-garanhuns"],"_links":{"self":[{"href":"https:\/\/blogdoedvaldomagalhaes.com.br\/index.php\/wp-json\/wp\/v2\/posts\/93998","targetHints":{"allow":["GET"]}}],"collection":[{"href":"https:\/\/blogdoedvaldomagalhaes.com.br\/index.php\/wp-json\/wp\/v2\/posts"}],"about":[{"href":"https:\/\/blogdoedvaldomagalhaes.com.br\/index.php\/wp-json\/wp\/v2\/types\/post"}],"author":[{"embeddable":true,"href":"https:\/\/blogdoedvaldomagalhaes.com.br\/index.php\/wp-json\/wp\/v2\/users\/1"}],"replies":[{"embeddable":true,"href":"https:\/\/blogdoedvaldomagalhaes.com.br\/index.php\/wp-json\/wp\/v2\/comments?post=93998"}],"version-history":[{"count":2,"href":"https:\/\/blogdoedvaldomagalhaes.com.br\/index.php\/wp-json\/wp\/v2\/posts\/93998\/revisions"}],"predecessor-version":[{"id":94002,"href":"https:\/\/blogdoedvaldomagalhaes.com.br\/index.php\/wp-json\/wp\/v2\/posts\/93998\/revisions\/94002"}],"wp:featuredmedia":[{"embeddable":true,"href":"https:\/\/blogdoedvaldomagalhaes.com.br\/index.php\/wp-json\/wp\/v2\/media\/93999"}],"wp:attachment":[{"href":"https:\/\/blogdoedvaldomagalhaes.com.br\/index.php\/wp-json\/wp\/v2\/media?parent=93998"}],"wp:term":[{"taxonomy":"category","embeddable":true,"href":"https:\/\/blogdoedvaldomagalhaes.com.br\/index.php\/wp-json\/wp\/v2\/categories?post=93998"},{"taxonomy":"post_tag","embeddable":true,"href":"https:\/\/blogdoedvaldomagalhaes.com.br\/index.php\/wp-json\/wp\/v2\/tags?post=93998"}],"curies":[{"name":"wp","href":"https:\/\/api.w.org\/{rel}","templated":true}]}}