{"id":93995,"date":"2023-03-14T20:41:03","date_gmt":"2023-03-14T23:41:03","guid":{"rendered":"https:\/\/blogdoedvaldomagalhaes.com.br\/?p=93995"},"modified":"2023-03-14T20:41:03","modified_gmt":"2023-03-14T23:41:03","slug":"vereador-cabo-cardoso-cobra-celeridade-na-troca-e-colocacao-de-lampadas-de-led-em-caruaru","status":"publish","type":"post","link":"https:\/\/blogdoedvaldomagalhaes.com.br\/index.php\/2023\/03\/14\/vereador-cabo-cardoso-cobra-celeridade-na-troca-e-colocacao-de-lampadas-de-led-em-caruaru\/","title":{"rendered":"Vereador Cabo Cardoso cobra celeridade na troca e coloca\u00e7\u00e3o de l\u00e2mpadas de LED em Caruaru"},"content":{"rendered":"<p style=\"text-align: justify;\">O vereador Cabo Cardoso participou nesta ter\u00e7a-feira (14) de uma reuni\u00e3o na prefeitura de Caruaru, que tratou espec\u00edficamente do atendimento da empresa ENEL X, com a ilumina\u00e7\u00e3o p\u00fablica do munic\u00edpio de Caruaru. O vereador cobrou da empresa uma celeridade na troca e coloca\u00e7\u00e3o de l\u00e2mpadas em LED para toda cidade de Caruaru sendo zona urbana e zona rural.<\/p>\n<p style=\"text-align: justify;\">Segundo o parlamentar a \u201cilumina\u00e7\u00e3o p\u00fablica \u00e9 seguran\u00e7a p\u00fablica e tendo locais mais iluminados, os \u00edndices de viol\u00eancia diminuir\u00e1, ainda assim, o povo paga uma alta taxa de ilumina\u00e7\u00e3o p\u00fablica para n\u00e3o ter uma eficiente aten\u00e7\u00e3o nesse sentido, o vereador acredita que at\u00e9 dezembro, toda a cidade estar\u00e1 com l\u00e2mpadas em LED, melhorando assim a vida das pessoas e ainda parabenizou o prefeito Rodrigo Pinheiro pela parceria com a empresa ENEL X\u201d.<\/p>\n<p style=\"text-align: justify;\">Siga o Instagram do Blog @blogdoedvaldomagalhaes<\/p>\n","protected":false},"excerpt":{"rendered":"<p>O vereador Cabo Cardoso participou nesta ter\u00e7a-feira (14) de uma reuni\u00e3o na prefeitura de Caruaru, que tratou espec\u00edficamente do atendimento&hellip;<\/p>\n","protected":false},"author":1,"featured_media":93996,"comment_status":"closed","ping_status":"open","sticky":false,"template":"","format":"standard","meta":{"footnotes":""},"categories":[14122],"tags":[2,19532,3406,20295,26984],"class_list":["post-93995","post","type-post","status-publish","format-standard","has-post-thumbnail","hentry","category-politica","tag-blog-do-edvaldo-magalhaes","tag-blog-mais-acessado-e-visualizado-de-caruaru-e-regiao","tag-caruaru","tag-politica-2","tag-vereador-cabo-cardoso-cobra-celeridade-na-troca-e-colocacao-de-lampadas-de-led-em-caruaru"],"_links":{"self":[{"href":"https:\/\/blogdoedvaldomagalhaes.com.br\/index.php\/wp-json\/wp\/v2\/posts\/93995","targetHints":{"allow":["GET"]}}],"collection":[{"href":"https:\/\/blogdoedvaldomagalhaes.com.br\/index.php\/wp-json\/wp\/v2\/posts"}],"about":[{"href":"https:\/\/blogdoedvaldomagalhaes.com.br\/index.php\/wp-json\/wp\/v2\/types\/post"}],"author":[{"embeddable":true,"href":"https:\/\/blogdoedvaldomagalhaes.com.br\/index.php\/wp-json\/wp\/v2\/users\/1"}],"replies":[{"embeddable":true,"href":"https:\/\/blogdoedvaldomagalhaes.com.br\/index.php\/wp-json\/wp\/v2\/comments?post=93995"}],"version-history":[{"count":1,"href":"https:\/\/blogdoedvaldomagalhaes.com.br\/index.php\/wp-json\/wp\/v2\/posts\/93995\/revisions"}],"predecessor-version":[{"id":93997,"href":"https:\/\/blogdoedvaldomagalhaes.com.br\/index.php\/wp-json\/wp\/v2\/posts\/93995\/revisions\/93997"}],"wp:featuredmedia":[{"embeddable":true,"href":"https:\/\/blogdoedvaldomagalhaes.com.br\/index.php\/wp-json\/wp\/v2\/media\/93996"}],"wp:attachment":[{"href":"https:\/\/blogdoedvaldomagalhaes.com.br\/index.php\/wp-json\/wp\/v2\/media?parent=93995"}],"wp:term":[{"taxonomy":"category","embeddable":true,"href":"https:\/\/blogdoedvaldomagalhaes.com.br\/index.php\/wp-json\/wp\/v2\/categories?post=93995"},{"taxonomy":"post_tag","embeddable":true,"href":"https:\/\/blogdoedvaldomagalhaes.com.br\/index.php\/wp-json\/wp\/v2\/tags?post=93995"}],"curies":[{"name":"wp","href":"https:\/\/api.w.org\/{rel}","templated":true}]}}