{"id":93992,"date":"2023-03-14T20:04:17","date_gmt":"2023-03-14T23:04:17","guid":{"rendered":"https:\/\/blogdoedvaldomagalhaes.com.br\/?p=93992"},"modified":"2023-03-14T20:04:18","modified_gmt":"2023-03-14T23:04:18","slug":"vereador-mano-do-som-reitera-requerimentos-na-camara-de-caruaru","status":"publish","type":"post","link":"https:\/\/blogdoedvaldomagalhaes.com.br\/index.php\/2023\/03\/14\/vereador-mano-do-som-reitera-requerimentos-na-camara-de-caruaru\/","title":{"rendered":"Vereador Mano do Som reitera requerimentos na C\u00e2mara de Caruaru"},"content":{"rendered":"<p style=\"text-align: justify;\">Confira os requerimentos reiterados pelo vereador Mano do Som, na C\u00e2mara de Caruaru:<\/p>\n<p style=\"text-align: justify;\">2013\/2022 &#8211; REQUER PARA REITERAR OS REQUERIMENTOS 1131\/2021, 255\/2021, 343\/2021, 1147\/2021, 2709\/2021; 1398\/2021; 168\/2021; 27\/2021; 29\/2021:<\/p>\n<p style=\"text-align: justify;\">IMPLANTA\u00c7\u00c3O DE REDUTORES DE VELOCIDADE, NA AV. JO\u00c3O JOS\u00c9 DUTRA (ESTRADA PARA O XIQUE-XIQUE), NO BAIRRO VILA ANDORINHA E DO JARDIM BOA VISTA; A CONSTRU\u00c7\u00c3O DE UMA PRA\u00c7A COM \u00c1REA DE LAZER, ATIVIDADES F\u00cdSICAS, ESPA\u00c7O P\u00daBLICO MISTO PARA BENEFICIAR CRIAN\u00c7AS, JOVENS, ADULTOS E IDOSOS, PRA\u00c7A EST\u00c1 LOCALIZADA NA TRAVESSA MARIA AUXILIADORA, NO BAIRRO MARIA AUXILIADORA; SERVI\u00c7OS DE CONCLUS\u00c3O CAL\u00c7AMENTO NA RUA CLARA DE ANDRADE, LOCALIZADA NO BAIRRO MARIA AUXILIADORA; A POSSIBILIDADE DE REALIZAR SERVI\u00c7OS DE CONCLUS\u00c3O CAL\u00c7AMENTO EM TODA EXTENS\u00c3O DA RUA JO\u00c3O GOMES PONTES, LOCALIZADA NO BAIRRO DA VILA KENNEDY; TERRAPLANAGEM DAS RUAS: ANT\u00d4NIO BARBOSA MACIEL, MARECHAL ARTUR COSTA E SILVA, EDSON ARANTES DO NASCIMENTO, DEPUTADO OSVALDO RABELO, DANIEL MONTEIRO DE ARA\u00daJO, FREI MARIANO DOS SANTOS E S\u00c3O RAFAEL, EM TODA EXTREMIDADE, NO BAIRRO NOVA CARUARU; PAVIMENTA\u00c7\u00c3O ASF\u00c1LTICA NA AV. JOS\u00c9 BARBOSA MACIEL, NO BAIRRO NOVA CARUARU; SERVI\u00c7OS DE CAL\u00c7AMENTO ADEQUADO NA RUA JADER ATENEU SOUZA, LOCALIZADA NO BAIRRO PINHEIROPOLIS; SERVI\u00c7OS DE CAL\u00c7AMENTO E SANEAMENTO ADEQUADO NA RUA POETA ANISTALDO LINS, LOCALIZADA NO BAIRRO MORADA NOVA; CAL\u00c7AMENTO E SANEAMENTO ADEQUADO NA AVENIDA BERNA E NA RUA GENEBRA, AMBAS LOCALIZADAS NO BAIRRO DEPUTADO JOS\u00c9 ANT\u00d4NIO LIBERATO.<\/p>\n<p style=\"text-align: justify;\">2067\/2022 &#8211; O PR\u00c9DIO DA OAB CARUARU SEJA CONTEMPLADO COM O PROJETO DE ILUMINA\u00c7\u00c3O DE DESTAQUE DO MUNIC\u00cdPIO, LOCALIZADO NA AVENIDA JOS\u00c9 FLOR\u00caNCIO FILHO, 13- BAIRRO: UNIVERSIT\u00c1RIO.<\/p>\n<p style=\"text-align: justify;\">2072\/2022 &#8211; REQUER PARA QUE POSSA REALIZAR A CONSTRU\u00c7\u00c3O DE UM PORTICO, NA ENTRADA DE GON\u00c7ALVES FERREIRA.<\/p>\n<p style=\"text-align: justify;\">2076\/2022 &#8211; REQUER PARA IMPLEMENTAR A DEVIDA EFETIVA\u00c7\u00c3O DA: LEI No 13.722\/2018 (LEI LUCAS) NO MUNIC\u00cdPIO DE CARUARU.<\/p>\n","protected":false},"excerpt":{"rendered":"<p>Confira os requerimentos reiterados pelo vereador Mano do Som, na C\u00e2mara de Caruaru: 2013\/2022 &#8211; REQUER PARA REITERAR OS REQUERIMENTOS&hellip;<\/p>\n","protected":false},"author":1,"featured_media":93993,"comment_status":"closed","ping_status":"open","sticky":false,"template":"","format":"standard","meta":{"footnotes":""},"categories":[14122],"tags":[2,19532,3406,20295,26983],"class_list":["post-93992","post","type-post","status-publish","format-standard","has-post-thumbnail","hentry","category-politica","tag-blog-do-edvaldo-magalhaes","tag-blog-mais-acessado-e-visualizado-de-caruaru-e-regiao","tag-caruaru","tag-politica-2","tag-vereador-mano-do-som-reitera-requerimentos-na-camara-de-caruaru"],"_links":{"self":[{"href":"https:\/\/blogdoedvaldomagalhaes.com.br\/index.php\/wp-json\/wp\/v2\/posts\/93992","targetHints":{"allow":["GET"]}}],"collection":[{"href":"https:\/\/blogdoedvaldomagalhaes.com.br\/index.php\/wp-json\/wp\/v2\/posts"}],"about":[{"href":"https:\/\/blogdoedvaldomagalhaes.com.br\/index.php\/wp-json\/wp\/v2\/types\/post"}],"author":[{"embeddable":true,"href":"https:\/\/blogdoedvaldomagalhaes.com.br\/index.php\/wp-json\/wp\/v2\/users\/1"}],"replies":[{"embeddable":true,"href":"https:\/\/blogdoedvaldomagalhaes.com.br\/index.php\/wp-json\/wp\/v2\/comments?post=93992"}],"version-history":[{"count":1,"href":"https:\/\/blogdoedvaldomagalhaes.com.br\/index.php\/wp-json\/wp\/v2\/posts\/93992\/revisions"}],"predecessor-version":[{"id":93994,"href":"https:\/\/blogdoedvaldomagalhaes.com.br\/index.php\/wp-json\/wp\/v2\/posts\/93992\/revisions\/93994"}],"wp:featuredmedia":[{"embeddable":true,"href":"https:\/\/blogdoedvaldomagalhaes.com.br\/index.php\/wp-json\/wp\/v2\/media\/93993"}],"wp:attachment":[{"href":"https:\/\/blogdoedvaldomagalhaes.com.br\/index.php\/wp-json\/wp\/v2\/media?parent=93992"}],"wp:term":[{"taxonomy":"category","embeddable":true,"href":"https:\/\/blogdoedvaldomagalhaes.com.br\/index.php\/wp-json\/wp\/v2\/categories?post=93992"},{"taxonomy":"post_tag","embeddable":true,"href":"https:\/\/blogdoedvaldomagalhaes.com.br\/index.php\/wp-json\/wp\/v2\/tags?post=93992"}],"curies":[{"name":"wp","href":"https:\/\/api.w.org\/{rel}","templated":true}]}}