{"id":93989,"date":"2023-03-14T18:15:57","date_gmt":"2023-03-14T21:15:57","guid":{"rendered":"https:\/\/blogdoedvaldomagalhaes.com.br\/?p=93989"},"modified":"2023-03-14T18:15:58","modified_gmt":"2023-03-14T21:15:58","slug":"anderson-correia-da-passo-importante-na-busca-para-habilitacao-do-icia-no-sus","status":"publish","type":"post","link":"https:\/\/blogdoedvaldomagalhaes.com.br\/index.php\/2023\/03\/14\/anderson-correia-da-passo-importante-na-busca-para-habilitacao-do-icia-no-sus\/","title":{"rendered":"Anderson Correia d\u00e1 passo importante na busca para habilita\u00e7\u00e3o do ICIA no SUS"},"content":{"rendered":"<p style=\"text-align: justify;\"><span style=\"color: initial; font-size: revert;\">O vereador Anderson Correia (PP) seg4ue de forma incans\u00e1vel na busca pela habilita\u00e7\u00e3o do Instituto do C\u00e2ncer Infantil do Agreste (ICIA) no Sistema \u00danico de Sa\u00fade (SUS). Desde o in\u00edcio do mandato buscando melhorias para a institui\u00e7\u00e3o que cuida de diversas crian\u00e7as e adolescentes com c\u00e2ncer de Pernambuco e de outros estados, o parlamentar j\u00e1 pediu a amplia\u00e7\u00e3o dos leitos de UTI pedi\u00e1trica do local, al\u00e9m de avan\u00e7os na estrutura em volta do ICIA, como a implanta\u00e7\u00e3o da parada de \u00f4nibus e a solicita\u00e7\u00e3o para cal\u00e7ar a rua do instituto.<\/span><\/p>\n<p style=\"text-align: justify;\">E, desde 2021, o edil tem pedido a habilita\u00e7\u00e3o do ICIA no SUS, que \u00e9 considerado um grande objetivo a ser alcan\u00e7ado pela institui\u00e7\u00e3o, que vai melhorar e ampliar muito os servi\u00e7os e atendimentos no local. Para isso, Anderson tem n\u00e3o s\u00f3 protocolado proposi\u00e7\u00f5es, mas articulado reuni\u00f5es junto ao Governo do Estado, como aconteceu na \u00faltima sexta-feira, onde, juntamente com uma comitiva do ICIA, se reuniu na Secretaria de Sa\u00fade, com a secret\u00e1ria executiva da pasta, B\u00e1rbara Flor\u00eancio, para discutir meios de alcan\u00e7ar essa habilita\u00e7\u00e3o. Agora, o pr\u00f3ximo passo \u00e9 se reunir com a governadora Raquel Lyra, para buscar a conclus\u00e3o deste pleito.<\/p>\n<p style=\"text-align: justify;\">\u201cEstamos nesta luta desde 2021, quando iniciamos o nosso mandato e seguimos firmes para alcan\u00e7armos este objetivo da habilita\u00e7\u00e3o do ICIA no SUS. Sabemos da sensibilidade da governadora Raquel Lyra em querer descentralizar a sa\u00fade do nosso estado, e estamos aqui para ajudar nesta miss\u00e3o. J\u00e1 oficiamos o Estado para que isso aconte\u00e7a e em breve nos reuniremos com Raquel para concluirmos essa habilita\u00e7\u00e3o, que mudar\u00e1 para melhor o nosso t\u00e3o querido ICIA\u201d, destacou Anderson.<\/p>\n<p style=\"text-align: justify;\">Foto do vereador Anderson Correia, cr\u00e9ditos: Vladimir Barreto.<\/p>\n<p style=\"text-align: justify;\">Siga o Instagram do Blog @blogdoedvaldomagalhaes<\/p>\n","protected":false},"excerpt":{"rendered":"<p>O vereador Anderson Correia (PP) seg4ue de forma incans\u00e1vel na busca pela habilita\u00e7\u00e3o do Instituto do C\u00e2ncer Infantil do Agreste&hellip;<\/p>\n","protected":false},"author":1,"featured_media":93990,"comment_status":"closed","ping_status":"open","sticky":false,"template":"","format":"standard","meta":{"footnotes":""},"categories":[14122],"tags":[26982,2,19532,3406,20],"class_list":["post-93989","post","type-post","status-publish","format-standard","has-post-thumbnail","hentry","category-politica","tag-anderson-correia-da-passo-importante-na-busca-para-habilitacao-do-icia-no-sus","tag-blog-do-edvaldo-magalhaes","tag-blog-mais-acessado-e-visualizado-de-caruaru-e-regiao","tag-caruaru","tag-politica"],"_links":{"self":[{"href":"https:\/\/blogdoedvaldomagalhaes.com.br\/index.php\/wp-json\/wp\/v2\/posts\/93989","targetHints":{"allow":["GET"]}}],"collection":[{"href":"https:\/\/blogdoedvaldomagalhaes.com.br\/index.php\/wp-json\/wp\/v2\/posts"}],"about":[{"href":"https:\/\/blogdoedvaldomagalhaes.com.br\/index.php\/wp-json\/wp\/v2\/types\/post"}],"author":[{"embeddable":true,"href":"https:\/\/blogdoedvaldomagalhaes.com.br\/index.php\/wp-json\/wp\/v2\/users\/1"}],"replies":[{"embeddable":true,"href":"https:\/\/blogdoedvaldomagalhaes.com.br\/index.php\/wp-json\/wp\/v2\/comments?post=93989"}],"version-history":[{"count":1,"href":"https:\/\/blogdoedvaldomagalhaes.com.br\/index.php\/wp-json\/wp\/v2\/posts\/93989\/revisions"}],"predecessor-version":[{"id":93991,"href":"https:\/\/blogdoedvaldomagalhaes.com.br\/index.php\/wp-json\/wp\/v2\/posts\/93989\/revisions\/93991"}],"wp:featuredmedia":[{"embeddable":true,"href":"https:\/\/blogdoedvaldomagalhaes.com.br\/index.php\/wp-json\/wp\/v2\/media\/93990"}],"wp:attachment":[{"href":"https:\/\/blogdoedvaldomagalhaes.com.br\/index.php\/wp-json\/wp\/v2\/media?parent=93989"}],"wp:term":[{"taxonomy":"category","embeddable":true,"href":"https:\/\/blogdoedvaldomagalhaes.com.br\/index.php\/wp-json\/wp\/v2\/categories?post=93989"},{"taxonomy":"post_tag","embeddable":true,"href":"https:\/\/blogdoedvaldomagalhaes.com.br\/index.php\/wp-json\/wp\/v2\/tags?post=93989"}],"curies":[{"name":"wp","href":"https:\/\/api.w.org\/{rel}","templated":true}]}}