{"id":93985,"date":"2023-03-14T18:04:51","date_gmt":"2023-03-14T21:04:51","guid":{"rendered":"https:\/\/blogdoedvaldomagalhaes.com.br\/?p=93985"},"modified":"2023-03-14T18:10:04","modified_gmt":"2023-03-14T21:10:04","slug":"vereador-jorge-quintino-solicita-criacao-de-programa-de-pratica-esportiva-gratuita-para-idosos","status":"publish","type":"post","link":"https:\/\/blogdoedvaldomagalhaes.com.br\/index.php\/2023\/03\/14\/vereador-jorge-quintino-solicita-criacao-de-programa-de-pratica-esportiva-gratuita-para-idosos\/","title":{"rendered":"Vereador Jorge Quintino solicita cria\u00e7\u00e3o de Programa de Pr\u00e1tica Esportiva gratuita para idosos"},"content":{"rendered":"<p style=\"text-align: justify;\"><span style=\"color: initial; font-size: revert;\">O Programa de Pr\u00e1tica Esportiva para idosos, destinado a promover atividades f\u00edsicas gratuitas, dever\u00e1 estabelecer atividades f\u00edsicas com acesso gratuito nos equipamentos p\u00fablicos, tais como: clubes municipais, clubes da comunidade, pra\u00e7as e parques. Para fins deste programa, considera-se idoso todo aquele com idade igual ou superior a 60 (sessenta) anos.<\/span><\/p>\n<p style=\"text-align: justify;\">O Poder Executivo poder\u00e1 manter conv\u00eanios e parcerias com outras esferas de governo, universidades, escolas, entidades n\u00e3o governamentais do terceiro setor e com a iniciativa privada, de modo a disponibilizar orientadores, que acompanhar\u00e3o as atividades desenvolvidas. O Poder P\u00fablico tamb\u00e9m dever\u00e1 disponibilizar em sua p\u00e1gina oficial na internet, listagem contendo as atividades e locais onde estar\u00e3o acontecendo o referido programa.<br \/>\n\u201cNosso gabinete tem total sensibilidade em rela\u00e7\u00e3o a esta tem\u00e1tica que envolve os idosos de nosso munic\u00edpio, os quais s\u00e3o os objetos imediatos de outras proposi\u00e7\u00f5es semelhantes a esta. Sabemos a import\u00e2ncia da exist\u00eancia de estruturas como a citada a cima, a qual deve ser mantida pelo poder p\u00fablico. Espero a anu\u00eancia dos demais pares desta casa legislativa.\u201d vaticinou o Edil. Foto: Divulga\u00e7\u00e3o.<\/p>\n<p style=\"text-align: justify;\">Siga o Instagram do Blog @blogdoedvaldomagalhaes<\/p>\n","protected":false},"excerpt":{"rendered":"<p>O Programa de Pr\u00e1tica Esportiva para idosos, destinado a promover atividades f\u00edsicas gratuitas, dever\u00e1 estabelecer atividades f\u00edsicas com acesso gratuito&hellip;<\/p>\n","protected":false},"author":1,"featured_media":93988,"comment_status":"closed","ping_status":"open","sticky":false,"template":"","format":"standard","meta":{"footnotes":""},"categories":[14122],"tags":[2,19532,3406,20,26981],"class_list":["post-93985","post","type-post","status-publish","format-standard","has-post-thumbnail","hentry","category-politica","tag-blog-do-edvaldo-magalhaes","tag-blog-mais-acessado-e-visualizado-de-caruaru-e-regiao","tag-caruaru","tag-politica","tag-vereador-jorge-quintino-solicita-criacao-de-programa-de-pratica-esportiva-gratuita-para-idosos"],"_links":{"self":[{"href":"https:\/\/blogdoedvaldomagalhaes.com.br\/index.php\/wp-json\/wp\/v2\/posts\/93985","targetHints":{"allow":["GET"]}}],"collection":[{"href":"https:\/\/blogdoedvaldomagalhaes.com.br\/index.php\/wp-json\/wp\/v2\/posts"}],"about":[{"href":"https:\/\/blogdoedvaldomagalhaes.com.br\/index.php\/wp-json\/wp\/v2\/types\/post"}],"author":[{"embeddable":true,"href":"https:\/\/blogdoedvaldomagalhaes.com.br\/index.php\/wp-json\/wp\/v2\/users\/1"}],"replies":[{"embeddable":true,"href":"https:\/\/blogdoedvaldomagalhaes.com.br\/index.php\/wp-json\/wp\/v2\/comments?post=93985"}],"version-history":[{"count":1,"href":"https:\/\/blogdoedvaldomagalhaes.com.br\/index.php\/wp-json\/wp\/v2\/posts\/93985\/revisions"}],"predecessor-version":[{"id":93987,"href":"https:\/\/blogdoedvaldomagalhaes.com.br\/index.php\/wp-json\/wp\/v2\/posts\/93985\/revisions\/93987"}],"wp:featuredmedia":[{"embeddable":true,"href":"https:\/\/blogdoedvaldomagalhaes.com.br\/index.php\/wp-json\/wp\/v2\/media\/93988"}],"wp:attachment":[{"href":"https:\/\/blogdoedvaldomagalhaes.com.br\/index.php\/wp-json\/wp\/v2\/media?parent=93985"}],"wp:term":[{"taxonomy":"category","embeddable":true,"href":"https:\/\/blogdoedvaldomagalhaes.com.br\/index.php\/wp-json\/wp\/v2\/categories?post=93985"},{"taxonomy":"post_tag","embeddable":true,"href":"https:\/\/blogdoedvaldomagalhaes.com.br\/index.php\/wp-json\/wp\/v2\/tags?post=93985"}],"curies":[{"name":"wp","href":"https:\/\/api.w.org\/{rel}","templated":true}]}}