{"id":93979,"date":"2023-03-14T17:35:54","date_gmt":"2023-03-14T20:35:54","guid":{"rendered":"https:\/\/blogdoedvaldomagalhaes.com.br\/?p=93979"},"modified":"2023-03-14T17:48:59","modified_gmt":"2023-03-14T20:48:59","slug":"cinco-suspeitos-na-morte-de-policial-morrem-em-confronto-com-a-pmpe","status":"publish","type":"post","link":"https:\/\/blogdoedvaldomagalhaes.com.br\/index.php\/2023\/03\/14\/cinco-suspeitos-na-morte-de-policial-morrem-em-confronto-com-a-pmpe\/","title":{"rendered":"Cinco suspeitos na morte de policial morrem em confronto com a PMPE"},"content":{"rendered":"<p style=\"text-align: justify;\">Nesta ter\u00e7a-feira (14), cinco suspeitos de envolvimento na morte do sargento da PMPE, Jairo Jos\u00e9 da Silva Filho, conhecido como Sargento Jairinho, morreram em confronto com \u00a0policiais do BEPI,\u00a010\u00ba BPM e 21\u00ba BPM, em Ribeir\u00e3o, na Mata Sul de Pernambuco.<\/p>\n<p style=\"text-align: justify;\">Em nota, a PMPE fez esse pronunciamento: \u201cAo localizar o grupo, na \u00e1rea de mata do Engenho Aripibu, na zona rural de Ribeir\u00e3o, o efetivo foi recebido a tiros, deu o devido revide \u00e0 agress\u00e3o e cinco suspeitos foram atingidos. Os\u00a0suspeitos chegaram a ser levados para o hospital da cidade, mas eles n\u00e3o resistiram aos ferimentos.\u00a0Com o grupo foram apreendidos tr\u00eas rev\u00f3lveres calibre .38, uma pistola calibre .380, uma espingarda calibre 12 de cano reduzido e muni\u00e7\u00f5es\u201d.<\/p>\n<p style=\"text-align: justify;\">De acordo com a Pol\u00edcia Civil, uma mulher de 30 anos foi autuada em flagrante pelo homic\u00eddio do policial, por tr\u00e1fico de entorpecentes e por posse ilegal de arma de fogo. Os nomes dos mortos e da suspeita presa n\u00e3o foram revelados pela pol\u00edcia. Foto: Reprodu\u00e7\u00e3o\/V\u00eddeo\/WhatsApp.<\/p>\n<p style=\"text-align: justify;\">Siga o instariam do Blog @blogdoedvaldomagalhaes<\/p>\n","protected":false},"excerpt":{"rendered":"<p>Nesta ter\u00e7a-feira (14), cinco suspeitos de envolvimento na morte do sargento da PMPE, Jairo Jos\u00e9 da Silva Filho, conhecido como&hellip;<\/p>\n","protected":false},"author":1,"featured_media":93981,"comment_status":"closed","ping_status":"open","sticky":false,"template":"","format":"standard","meta":{"footnotes":""},"categories":[14121],"tags":[2,19532,3406,26980],"class_list":["post-93979","post","type-post","status-publish","format-standard","has-post-thumbnail","hentry","category-policial","tag-blog-do-edvaldo-magalhaes","tag-blog-mais-acessado-e-visualizado-de-caruaru-e-regiao","tag-caruaru","tag-cinco-suspeitos-na-morte-de-policial-morrem-em-confronto-com-a-pmpe"],"_links":{"self":[{"href":"https:\/\/blogdoedvaldomagalhaes.com.br\/index.php\/wp-json\/wp\/v2\/posts\/93979","targetHints":{"allow":["GET"]}}],"collection":[{"href":"https:\/\/blogdoedvaldomagalhaes.com.br\/index.php\/wp-json\/wp\/v2\/posts"}],"about":[{"href":"https:\/\/blogdoedvaldomagalhaes.com.br\/index.php\/wp-json\/wp\/v2\/types\/post"}],"author":[{"embeddable":true,"href":"https:\/\/blogdoedvaldomagalhaes.com.br\/index.php\/wp-json\/wp\/v2\/users\/1"}],"replies":[{"embeddable":true,"href":"https:\/\/blogdoedvaldomagalhaes.com.br\/index.php\/wp-json\/wp\/v2\/comments?post=93979"}],"version-history":[{"count":3,"href":"https:\/\/blogdoedvaldomagalhaes.com.br\/index.php\/wp-json\/wp\/v2\/posts\/93979\/revisions"}],"predecessor-version":[{"id":93984,"href":"https:\/\/blogdoedvaldomagalhaes.com.br\/index.php\/wp-json\/wp\/v2\/posts\/93979\/revisions\/93984"}],"wp:featuredmedia":[{"embeddable":true,"href":"https:\/\/blogdoedvaldomagalhaes.com.br\/index.php\/wp-json\/wp\/v2\/media\/93981"}],"wp:attachment":[{"href":"https:\/\/blogdoedvaldomagalhaes.com.br\/index.php\/wp-json\/wp\/v2\/media?parent=93979"}],"wp:term":[{"taxonomy":"category","embeddable":true,"href":"https:\/\/blogdoedvaldomagalhaes.com.br\/index.php\/wp-json\/wp\/v2\/categories?post=93979"},{"taxonomy":"post_tag","embeddable":true,"href":"https:\/\/blogdoedvaldomagalhaes.com.br\/index.php\/wp-json\/wp\/v2\/tags?post=93979"}],"curies":[{"name":"wp","href":"https:\/\/api.w.org\/{rel}","templated":true}]}}