{"id":93972,"date":"2023-03-14T13:04:27","date_gmt":"2023-03-14T16:04:27","guid":{"rendered":"https:\/\/blogdoedvaldomagalhaes.com.br\/?p=93972"},"modified":"2023-03-14T18:23:05","modified_gmt":"2023-03-14T21:23:05","slug":"prefeito-de-caruaru-rodrigo-pinheiro-e-empossado-vice-presidente-do-g100-grupo-especial-da-frente-nacional-de-prefeitos-fnp","status":"publish","type":"post","link":"https:\/\/blogdoedvaldomagalhaes.com.br\/index.php\/2023\/03\/14\/prefeito-de-caruaru-rodrigo-pinheiro-e-empossado-vice-presidente-do-g100-grupo-especial-da-frente-nacional-de-prefeitos-fnp\/","title":{"rendered":"Prefeito de Caruaru Rodrigo Pinheiro \u00e9 empossado vice-presidente do &#8216;G100&#8217; grupo especial da Frente Nacional de Prefeitos (FNP)"},"content":{"rendered":"<p style=\"text-align: justify;\"><span style=\"color: initial; font-size: revert;\">O prefeito de Caruaru, Rodrigo Pinheiro (PSDB), encontra-se em Bras\u00edlia em busca de recursos e participando do 84\u00ba Encontro da Frente Nacional de Prefeitos (FNP), que acontece desde a \u00faltima segunda-feira (13). Entre as atividades do grupo de gestores municipais, est\u00e1 as discurs\u00f5es do G100, grupo de munic\u00edpios com mais de 80 mil habitantes, identificado pela FNP, por apresentar uma situa\u00e7\u00e3o complexa de baixa receita per capita e elevada demanda por servi\u00e7os p\u00fablicos. Na ocasi\u00e3o, o Prefeito Rodrigo Pinheiro foi empossado como vice-presidente da FNP para o G100. Atualmente s\u00e3o 112 cidades brasileiras que se encaixam no grupo G100, onde s\u00e3o levados em conta quatro crit\u00e9rios: receita corrente per capita, propor\u00e7\u00e3o de crian\u00e7as de at\u00e9 5 anos de idade n\u00e3o matriculadas no ensino infantil, taxa de depend\u00eancia do SUS e popula\u00e7\u00e3o abaixo da linha da pobreza.<\/span><\/p>\n<p style=\"text-align: justify;\">\u201cA Frente Nacional dos Prefeitos (FNP) possui v\u00e1rias tem\u00e1ticas espec\u00edficas, mas o G100 se encaixa nessa transversalidade dos principais problemas enfrentados por esses munic\u00edpios populosos e relevantes, como Caruaru. O grande desafio \u00e9 se debru\u00e7ar nesse trabalho em conjunto com esses munic\u00edpios, pois s\u00e3o grandes as demandas pra gente trabalhar em prol de todos. Temos pela frente muito que dialogar e seguir buscando sempre o melhor para nossos munic\u00edpios, principalmente junto ao Governo Federal, at\u00e9 por que o pr\u00f3prio governo j\u00e1 sinalizou, e vem sinalizando, v\u00e1rias a\u00e7\u00f5es voltadas a esses munic\u00edpios de porte m\u00e9dio, com receitas n\u00e3o t\u00e3o altas, mas populosos e com elevada demanda de servi\u00e7os p\u00fablicos, como \u00e9 o caso da nossa cidade\u201d, ressaltou Rodrigo Pinheiro.<\/p>\n<p style=\"text-align: justify;\">FNP &#8211; Prefeitas e prefeitos de todas as regi\u00f5es do pa\u00eds est\u00e3o em Bras\u00edlia\/DF para a 84\u00aa Reuni\u00e3o Geral da Frente Nacional de Prefeitos (FNP). O evento ocorre nos dias 13 e 14 de mar\u00e7o, com mais de 520 inscritos, entre eles mais de 100 prefeitos, sendo 15 de capitais. As autoridades municipais debatem os desafios das m\u00e9dias e grandes cidades, com a presen\u00e7a do presidente e vice-presidente da Rep\u00fablica, Luiz In\u00e1cio Lula da Silva e Geraldo Alckmin, al\u00e9m dos Ministros Fernando Haddad e Alexandre Padilha.<\/p>\n<p style=\"text-align: justify;\">Siga o Instagram do Blog @blogdoedvaldomagalhaes<\/p>\n\n\n<figure class=\"wp-block-image size-large\"><img loading=\"lazy\" decoding=\"async\" width=\"1024\" height=\"768\" src=\"https:\/\/blogdoedvaldomagalhaes.com.br\/wp-content\/uploads\/2023\/03\/IMG-20230314-WA0108-1024x768.jpg\" alt=\"\" class=\"wp-image-93974\" srcset=\"https:\/\/blogdoedvaldomagalhaes.com.br\/wp-content\/uploads\/2023\/03\/IMG-20230314-WA0108-1024x768.jpg 1024w, https:\/\/blogdoedvaldomagalhaes.com.br\/wp-content\/uploads\/2023\/03\/IMG-20230314-WA0108-300x225.jpg 300w, https:\/\/blogdoedvaldomagalhaes.com.br\/wp-content\/uploads\/2023\/03\/IMG-20230314-WA0108-768x576.jpg 768w, https:\/\/blogdoedvaldomagalhaes.com.br\/wp-content\/uploads\/2023\/03\/IMG-20230314-WA0108-160x120.jpg 160w, https:\/\/blogdoedvaldomagalhaes.com.br\/wp-content\/uploads\/2023\/03\/IMG-20230314-WA0108.jpg 1280w\" sizes=\"auto, (max-width: 1024px) 100vw, 1024px\" \/><figcaption class=\"wp-element-caption\">Fotos: SECOM<\/figcaption><\/figure>\n","protected":false},"excerpt":{"rendered":"<p>O prefeito de Caruaru, Rodrigo Pinheiro (PSDB), encontra-se em Bras\u00edlia em busca de recursos e participando do 84\u00ba Encontro da&hellip;<\/p>\n","protected":false},"author":1,"featured_media":93973,"comment_status":"closed","ping_status":"open","sticky":false,"template":"","format":"standard","meta":{"footnotes":""},"categories":[14120],"tags":[2,19532,3406,20,26978],"class_list":["post-93972","post","type-post","status-publish","format-standard","has-post-thumbnail","hentry","category-noticias","tag-blog-do-edvaldo-magalhaes","tag-blog-mais-acessado-e-visualizado-de-caruaru-e-regiao","tag-caruaru","tag-politica","tag-prefeito-de-caruaru-rodrigo-pinheiro-e-empossado-vice-presidente-do-g100-grupo-especial-da-frente-nacional-de-prefeitos-fnp"],"_links":{"self":[{"href":"https:\/\/blogdoedvaldomagalhaes.com.br\/index.php\/wp-json\/wp\/v2\/posts\/93972","targetHints":{"allow":["GET"]}}],"collection":[{"href":"https:\/\/blogdoedvaldomagalhaes.com.br\/index.php\/wp-json\/wp\/v2\/posts"}],"about":[{"href":"https:\/\/blogdoedvaldomagalhaes.com.br\/index.php\/wp-json\/wp\/v2\/types\/post"}],"author":[{"embeddable":true,"href":"https:\/\/blogdoedvaldomagalhaes.com.br\/index.php\/wp-json\/wp\/v2\/users\/1"}],"replies":[{"embeddable":true,"href":"https:\/\/blogdoedvaldomagalhaes.com.br\/index.php\/wp-json\/wp\/v2\/comments?post=93972"}],"version-history":[{"count":1,"href":"https:\/\/blogdoedvaldomagalhaes.com.br\/index.php\/wp-json\/wp\/v2\/posts\/93972\/revisions"}],"predecessor-version":[{"id":93975,"href":"https:\/\/blogdoedvaldomagalhaes.com.br\/index.php\/wp-json\/wp\/v2\/posts\/93972\/revisions\/93975"}],"wp:featuredmedia":[{"embeddable":true,"href":"https:\/\/blogdoedvaldomagalhaes.com.br\/index.php\/wp-json\/wp\/v2\/media\/93973"}],"wp:attachment":[{"href":"https:\/\/blogdoedvaldomagalhaes.com.br\/index.php\/wp-json\/wp\/v2\/media?parent=93972"}],"wp:term":[{"taxonomy":"category","embeddable":true,"href":"https:\/\/blogdoedvaldomagalhaes.com.br\/index.php\/wp-json\/wp\/v2\/categories?post=93972"},{"taxonomy":"post_tag","embeddable":true,"href":"https:\/\/blogdoedvaldomagalhaes.com.br\/index.php\/wp-json\/wp\/v2\/tags?post=93972"}],"curies":[{"name":"wp","href":"https:\/\/api.w.org\/{rel}","templated":true}]}}