{"id":93969,"date":"2023-03-14T11:24:05","date_gmt":"2023-03-14T14:24:05","guid":{"rendered":"https:\/\/blogdoedvaldomagalhaes.com.br\/?p=93969"},"modified":"2023-03-14T11:24:06","modified_gmt":"2023-03-14T14:24:06","slug":"desaparecido-ha-8-dias-idoso-e-encontrado-dentro-de-bueiro","status":"publish","type":"post","link":"https:\/\/blogdoedvaldomagalhaes.com.br\/index.php\/2023\/03\/14\/desaparecido-ha-8-dias-idoso-e-encontrado-dentro-de-bueiro\/","title":{"rendered":"Desaparecido h\u00e1 8 dias, idoso \u00e9 encontrado dentro de bueiro"},"content":{"rendered":"<p style=\"text-align: justify;\"><span style=\"color: initial; font-size: revert;\">Um idoso de 72 anos que estava desaparecido h\u00e1 oito dias foi encontrado, nesta ter\u00e7a-feira (14), dentro de um bueiro localizado \u00e0s margens da BR 101, em Itapissuma, na Regi\u00e3o Metropolitana do Recife. O homem foi encontrado por trabalhadores de manuten\u00e7\u00e3o de rodovia do Departamento Nacional de Infraestrutura de Transportes (DNIT) e retirado com o apoio da Pol\u00edcia Rodovi\u00e1ria Federal (PRF).<\/span><\/p>\n<p style=\"text-align: justify;\">Equipes da PRF seguiam para a Opera\u00e7\u00e3o Tem\u00e1tica de Fiscaliza\u00e7\u00e3o de Carga Indivis\u00edvel (OTECI), quando foram chamadas para retirar uma pessoa que havia ca\u00eddo em um bueiro. Com a ajuda de uma escada, o idoso foi retirado do local e se reencontrou com a fam\u00edlia, que estava muito preocupada \u00e0 procura dele.<\/p>\n<p style=\"text-align: justify;\">O idoso apresentava sinais de desorienta\u00e7\u00e3o e de desidrata\u00e7\u00e3o. O Servi\u00e7o de Atendimento M\u00f3vel de Urg\u00eancia (SAMU) foi acionado para prestar os primeiros socorros e encaminh\u00e1-lo a uma unidade de sa\u00fade. F<span style=\"font-size: revert; color: initial;\">oto: Nucom PRF\/PE.<\/span><\/p>\n<p style=\"text-align: justify;\">Siga o Instagram do Blog @blogdoedvaldomagalhaes<\/p>\n","protected":false},"excerpt":{"rendered":"<p>Um idoso de 72 anos que estava desaparecido h\u00e1 oito dias foi encontrado, nesta ter\u00e7a-feira (14), dentro de um bueiro&hellip;<\/p>\n","protected":false},"author":1,"featured_media":93970,"comment_status":"closed","ping_status":"open","sticky":false,"template":"","format":"standard","meta":{"footnotes":""},"categories":[14120],"tags":[2,19532,3406,26977],"class_list":["post-93969","post","type-post","status-publish","format-standard","has-post-thumbnail","hentry","category-noticias","tag-blog-do-edvaldo-magalhaes","tag-blog-mais-acessado-e-visualizado-de-caruaru-e-regiao","tag-caruaru","tag-desaparecido-ha-8-dias-idoso-e-encontrado-dentro-de-bueiro"],"_links":{"self":[{"href":"https:\/\/blogdoedvaldomagalhaes.com.br\/index.php\/wp-json\/wp\/v2\/posts\/93969","targetHints":{"allow":["GET"]}}],"collection":[{"href":"https:\/\/blogdoedvaldomagalhaes.com.br\/index.php\/wp-json\/wp\/v2\/posts"}],"about":[{"href":"https:\/\/blogdoedvaldomagalhaes.com.br\/index.php\/wp-json\/wp\/v2\/types\/post"}],"author":[{"embeddable":true,"href":"https:\/\/blogdoedvaldomagalhaes.com.br\/index.php\/wp-json\/wp\/v2\/users\/1"}],"replies":[{"embeddable":true,"href":"https:\/\/blogdoedvaldomagalhaes.com.br\/index.php\/wp-json\/wp\/v2\/comments?post=93969"}],"version-history":[{"count":1,"href":"https:\/\/blogdoedvaldomagalhaes.com.br\/index.php\/wp-json\/wp\/v2\/posts\/93969\/revisions"}],"predecessor-version":[{"id":93971,"href":"https:\/\/blogdoedvaldomagalhaes.com.br\/index.php\/wp-json\/wp\/v2\/posts\/93969\/revisions\/93971"}],"wp:featuredmedia":[{"embeddable":true,"href":"https:\/\/blogdoedvaldomagalhaes.com.br\/index.php\/wp-json\/wp\/v2\/media\/93970"}],"wp:attachment":[{"href":"https:\/\/blogdoedvaldomagalhaes.com.br\/index.php\/wp-json\/wp\/v2\/media?parent=93969"}],"wp:term":[{"taxonomy":"category","embeddable":true,"href":"https:\/\/blogdoedvaldomagalhaes.com.br\/index.php\/wp-json\/wp\/v2\/categories?post=93969"},{"taxonomy":"post_tag","embeddable":true,"href":"https:\/\/blogdoedvaldomagalhaes.com.br\/index.php\/wp-json\/wp\/v2\/tags?post=93969"}],"curies":[{"name":"wp","href":"https:\/\/api.w.org\/{rel}","templated":true}]}}