{"id":93965,"date":"2023-03-14T11:07:00","date_gmt":"2023-03-14T14:07:00","guid":{"rendered":"https:\/\/blogdoedvaldomagalhaes.com.br\/?p=93965"},"modified":"2023-03-14T11:12:52","modified_gmt":"2023-03-14T14:12:52","slug":"carteiras-de-identidade-rg-nao-retiradas-apos-12-meses-serao-inutilizadas","status":"publish","type":"post","link":"https:\/\/blogdoedvaldomagalhaes.com.br\/index.php\/2023\/03\/14\/carteiras-de-identidade-rg-nao-retiradas-apos-12-meses-serao-inutilizadas\/","title":{"rendered":"Carteiras de Identidade (RG) n\u00e3o retiradas ap\u00f3s 12 meses ser\u00e3o inutilizadas"},"content":{"rendered":"<p id=\"viewer-pfd18126\" class=\"mm8Nw _1j-51 roLFQS _1FoOD _3M0Fe Z63qyL roLFQS public-DraftStyleDefault-block-depth0 fixed-tab-size public-DraftStyleDefault-text-ltr\" style=\"text-align: justify;\"><span class=\"_2PHJq public-DraftStyleDefault-ltr\">A Secretaria de Administra\u00e7\u00e3o do Estado, por meio do Programa Expresso Cidad\u00e3o, e em cumprimento ao Decreto n\u00b0 52.523\/2022, informa que todas as carteiras de identidade (RG), com data de emiss\u00e3o superior a 12 meses que n\u00e3o tenham sido coletadas pelos requerentes, ser\u00e3o inutilizadas pelo Instituto de Identifica\u00e7\u00e3o Tavares Buril a partir de 31 de mar\u00e7o de 2023.<\/span><\/p>\n<p id=\"viewer-k7gem22\" class=\"mm8Nw _1j-51 roLFQS _1FoOD _3M0Fe Z63qyL roLFQS public-DraftStyleDefault-block-depth0 fixed-tab-size public-DraftStyleDefault-text-ltr\" style=\"text-align: justify;\"><span class=\"_2PHJq public-DraftStyleDefault-ltr\">Para retirar o documento de identidade, o cidad\u00e3o dever\u00e1 realizar o agendamento para a mesma unidade onde foi solicitado, no Portal do Cidad\u00e3o (www.pecidadao.pe.gov.br). Foto: Divulga\u00e7\u00e3o.<\/span><\/p>\n<p style=\"text-align: justify;\">Siga o Instagram do Blog @blogdoedvaldomagalhaes<\/p>\n","protected":false},"excerpt":{"rendered":"<p>A Secretaria de Administra\u00e7\u00e3o do Estado, por meio do Programa Expresso Cidad\u00e3o, e em cumprimento ao Decreto n\u00b0 52.523\/2022, informa&hellip;<\/p>\n","protected":false},"author":1,"featured_media":93968,"comment_status":"closed","ping_status":"open","sticky":false,"template":"","format":"standard","meta":{"footnotes":""},"categories":[14120],"tags":[2,19532,26976,3406],"class_list":["post-93965","post","type-post","status-publish","format-standard","has-post-thumbnail","hentry","category-noticias","tag-blog-do-edvaldo-magalhaes","tag-blog-mais-acessado-e-visualizado-de-caruaru-e-regiao","tag-carteiras-de-identidade-rg-nao-retiradas-apos-12-meses-serao-inutilizadas","tag-caruaru"],"_links":{"self":[{"href":"https:\/\/blogdoedvaldomagalhaes.com.br\/index.php\/wp-json\/wp\/v2\/posts\/93965","targetHints":{"allow":["GET"]}}],"collection":[{"href":"https:\/\/blogdoedvaldomagalhaes.com.br\/index.php\/wp-json\/wp\/v2\/posts"}],"about":[{"href":"https:\/\/blogdoedvaldomagalhaes.com.br\/index.php\/wp-json\/wp\/v2\/types\/post"}],"author":[{"embeddable":true,"href":"https:\/\/blogdoedvaldomagalhaes.com.br\/index.php\/wp-json\/wp\/v2\/users\/1"}],"replies":[{"embeddable":true,"href":"https:\/\/blogdoedvaldomagalhaes.com.br\/index.php\/wp-json\/wp\/v2\/comments?post=93965"}],"version-history":[{"count":1,"href":"https:\/\/blogdoedvaldomagalhaes.com.br\/index.php\/wp-json\/wp\/v2\/posts\/93965\/revisions"}],"predecessor-version":[{"id":93967,"href":"https:\/\/blogdoedvaldomagalhaes.com.br\/index.php\/wp-json\/wp\/v2\/posts\/93965\/revisions\/93967"}],"wp:featuredmedia":[{"embeddable":true,"href":"https:\/\/blogdoedvaldomagalhaes.com.br\/index.php\/wp-json\/wp\/v2\/media\/93968"}],"wp:attachment":[{"href":"https:\/\/blogdoedvaldomagalhaes.com.br\/index.php\/wp-json\/wp\/v2\/media?parent=93965"}],"wp:term":[{"taxonomy":"category","embeddable":true,"href":"https:\/\/blogdoedvaldomagalhaes.com.br\/index.php\/wp-json\/wp\/v2\/categories?post=93965"},{"taxonomy":"post_tag","embeddable":true,"href":"https:\/\/blogdoedvaldomagalhaes.com.br\/index.php\/wp-json\/wp\/v2\/tags?post=93965"}],"curies":[{"name":"wp","href":"https:\/\/api.w.org\/{rel}","templated":true}]}}