{"id":93962,"date":"2023-03-14T10:28:07","date_gmt":"2023-03-14T13:28:07","guid":{"rendered":"https:\/\/blogdoedvaldomagalhaes.com.br\/?p=93962"},"modified":"2023-03-14T10:28:08","modified_gmt":"2023-03-14T13:28:08","slug":"procon-caruaru-realiza-acao-de-servicos-em-comemoracao-ao-dia-do-consumidor","status":"publish","type":"post","link":"https:\/\/blogdoedvaldomagalhaes.com.br\/index.php\/2023\/03\/14\/procon-caruaru-realiza-acao-de-servicos-em-comemoracao-ao-dia-do-consumidor\/","title":{"rendered":"Procon Caruaru realiza a\u00e7\u00e3o de servi\u00e7os em comemora\u00e7\u00e3o ao Dia do Consumidor"},"content":{"rendered":"<p style=\"text-align: justify;\"><span style=\"color: initial; font-size: revert;\">Em alus\u00e3o ao Dia do Consumidor, comemorado nesta quarta-feira, 15, a Prefeitura de Caruaru, por meio do Procon, ir\u00e1 realizar uma a\u00e7\u00e3o juntamente com alguns parceiros, oferecendo diversos servi\u00e7os para consumidor de forma gratuita.<\/span><\/p>\n<p style=\"text-align: justify;\">Al\u00e9m dos servi\u00e7os j\u00e1 ofertados pelo \u00f3rg\u00e3o, os consumidores poder\u00e3o realizar consultas ao SPC e Serasa, negocia\u00e7\u00e3o de d\u00edvidas banc\u00e1rias, al\u00e9m de cuidados com a sa\u00fade, com auriculoterapia, ventosaterapia e pr\u00e1tica corporal.<\/p>\n<p style=\"text-align: justify;\">A a\u00e7\u00e3o acontecer\u00e1 na sede do Procon, localizado na Rua Floriano Peixoto, 147, Centro, das 8h \u00e0s 14h. Foto: Divulga\u00e7\u00e3o\/PMC.<\/p>\n<p style=\"text-align: justify;\">Siga o Instagram do Blog @blogdoedvaldomagalhaes<\/p>\n","protected":false},"excerpt":{"rendered":"<p>Em alus\u00e3o ao Dia do Consumidor, comemorado nesta quarta-feira, 15, a Prefeitura de Caruaru, por meio do Procon, ir\u00e1 realizar&hellip;<\/p>\n","protected":false},"author":1,"featured_media":93963,"comment_status":"closed","ping_status":"open","sticky":false,"template":"","format":"standard","meta":{"footnotes":""},"categories":[14120],"tags":[2,19532,3406,26975],"class_list":["post-93962","post","type-post","status-publish","format-standard","has-post-thumbnail","hentry","category-noticias","tag-blog-do-edvaldo-magalhaes","tag-blog-mais-acessado-e-visualizado-de-caruaru-e-regiao","tag-caruaru","tag-procon-caruaru-realiza-acao-de-servicos-em-comemoracao-ao-dia-do-consumidor"],"_links":{"self":[{"href":"https:\/\/blogdoedvaldomagalhaes.com.br\/index.php\/wp-json\/wp\/v2\/posts\/93962","targetHints":{"allow":["GET"]}}],"collection":[{"href":"https:\/\/blogdoedvaldomagalhaes.com.br\/index.php\/wp-json\/wp\/v2\/posts"}],"about":[{"href":"https:\/\/blogdoedvaldomagalhaes.com.br\/index.php\/wp-json\/wp\/v2\/types\/post"}],"author":[{"embeddable":true,"href":"https:\/\/blogdoedvaldomagalhaes.com.br\/index.php\/wp-json\/wp\/v2\/users\/1"}],"replies":[{"embeddable":true,"href":"https:\/\/blogdoedvaldomagalhaes.com.br\/index.php\/wp-json\/wp\/v2\/comments?post=93962"}],"version-history":[{"count":1,"href":"https:\/\/blogdoedvaldomagalhaes.com.br\/index.php\/wp-json\/wp\/v2\/posts\/93962\/revisions"}],"predecessor-version":[{"id":93964,"href":"https:\/\/blogdoedvaldomagalhaes.com.br\/index.php\/wp-json\/wp\/v2\/posts\/93962\/revisions\/93964"}],"wp:featuredmedia":[{"embeddable":true,"href":"https:\/\/blogdoedvaldomagalhaes.com.br\/index.php\/wp-json\/wp\/v2\/media\/93963"}],"wp:attachment":[{"href":"https:\/\/blogdoedvaldomagalhaes.com.br\/index.php\/wp-json\/wp\/v2\/media?parent=93962"}],"wp:term":[{"taxonomy":"category","embeddable":true,"href":"https:\/\/blogdoedvaldomagalhaes.com.br\/index.php\/wp-json\/wp\/v2\/categories?post=93962"},{"taxonomy":"post_tag","embeddable":true,"href":"https:\/\/blogdoedvaldomagalhaes.com.br\/index.php\/wp-json\/wp\/v2\/tags?post=93962"}],"curies":[{"name":"wp","href":"https:\/\/api.w.org\/{rel}","templated":true}]}}