{"id":93954,"date":"2023-03-14T10:00:04","date_gmt":"2023-03-14T13:00:04","guid":{"rendered":"https:\/\/blogdoedvaldomagalhaes.com.br\/?p=93954"},"modified":"2023-03-14T10:16:03","modified_gmt":"2023-03-14T13:16:03","slug":"mototaxistas-farao-manifesto-em-caruaru-nesta-quarta-feira-15","status":"publish","type":"post","link":"https:\/\/blogdoedvaldomagalhaes.com.br\/index.php\/2023\/03\/14\/mototaxistas-farao-manifesto-em-caruaru-nesta-quarta-feira-15\/","title":{"rendered":"Mototaxistas far\u00e3o manifesto em Caruaru, nesta quarta-feira (15)"},"content":{"rendered":"<p style=\"text-align: justify;\">O Sindicato dos Mototaxistas de Caruaru, realizou uma reuni\u00e3o com a participa\u00e7\u00e3o de lideran\u00e7as dos mototaxistas nessa segunda-feira (13), na sede do SindMoto no bairro S\u00e3o Francisco, e ficou definido que a partir das 7h45 desta quarta-feira (15), os mototaxistas v\u00e3o se reunir no Marco Zero, depois v\u00e3o fechar algumas ruas e ir\u00e3o at\u00e9 o Minist\u00e9rio P\u00fablico, para uma audi\u00eancia extrajudicial presencial, \u00e0s 10h, na 3\u00b0 Promotoria de Justi\u00e7a de Defesa da Cidadania de Caruaru, com as presen\u00e7as de representantes da Autarquia de Mobilidade Tr\u00e2nsito e Transportes de Caruaru &#8211; AMTTC, Procuradoria Jur\u00eddica do Munic\u00edpio de Caruaru, para discutir sobre a atua\u00e7\u00e3o dos aplicativos no munic\u00edpio.<\/p>\n<p style=\"text-align: justify;\">O Minist\u00e9rio P\u00fablico instaurou Not\u00edcia de Fato, atendendo pedido de representantes do SINDMOTO CARUARU, que denunciaram o funcionamento irregular\/ilegal do transporte de passageiros em motocicletas pela plataforma UBER, na qual j\u00e1 foram solicitadas informa\u00e7\u00f5es aos \u00f3rg\u00e3os competentes, a fim de que prestem suas informa\u00e7\u00f5es sobre a situa\u00e7\u00e3o atual de tal tipo de transporte na cidade de Caruaru, especialmente no que diz respeito \u00e0 regularidade\/legalidade do mesmo. Foto: Divulga\u00e7\u00e3o.<\/p>\n<p style=\"text-align: justify;\">Siga o Instagram do Blog @blogdoedvaldomagalhaes<\/p>\n","protected":false},"excerpt":{"rendered":"<p>O Sindicato dos Mototaxistas de Caruaru, realizou uma reuni\u00e3o com a participa\u00e7\u00e3o de lideran\u00e7as dos mototaxistas nessa segunda-feira (13), na&hellip;<\/p>\n","protected":false},"author":1,"featured_media":93955,"comment_status":"closed","ping_status":"open","sticky":false,"template":"","format":"standard","meta":{"footnotes":""},"categories":[14120],"tags":[2,19532,3406,26974],"class_list":["post-93954","post","type-post","status-publish","format-standard","has-post-thumbnail","hentry","category-noticias","tag-blog-do-edvaldo-magalhaes","tag-blog-mais-acessado-e-visualizado-de-caruaru-e-regiao","tag-caruaru","tag-mototaxistas-farao-manifesto-em-caruaru-nesta-quarta-feira-15"],"_links":{"self":[{"href":"https:\/\/blogdoedvaldomagalhaes.com.br\/index.php\/wp-json\/wp\/v2\/posts\/93954","targetHints":{"allow":["GET"]}}],"collection":[{"href":"https:\/\/blogdoedvaldomagalhaes.com.br\/index.php\/wp-json\/wp\/v2\/posts"}],"about":[{"href":"https:\/\/blogdoedvaldomagalhaes.com.br\/index.php\/wp-json\/wp\/v2\/types\/post"}],"author":[{"embeddable":true,"href":"https:\/\/blogdoedvaldomagalhaes.com.br\/index.php\/wp-json\/wp\/v2\/users\/1"}],"replies":[{"embeddable":true,"href":"https:\/\/blogdoedvaldomagalhaes.com.br\/index.php\/wp-json\/wp\/v2\/comments?post=93954"}],"version-history":[{"count":5,"href":"https:\/\/blogdoedvaldomagalhaes.com.br\/index.php\/wp-json\/wp\/v2\/posts\/93954\/revisions"}],"predecessor-version":[{"id":93961,"href":"https:\/\/blogdoedvaldomagalhaes.com.br\/index.php\/wp-json\/wp\/v2\/posts\/93954\/revisions\/93961"}],"wp:featuredmedia":[{"embeddable":true,"href":"https:\/\/blogdoedvaldomagalhaes.com.br\/index.php\/wp-json\/wp\/v2\/media\/93955"}],"wp:attachment":[{"href":"https:\/\/blogdoedvaldomagalhaes.com.br\/index.php\/wp-json\/wp\/v2\/media?parent=93954"}],"wp:term":[{"taxonomy":"category","embeddable":true,"href":"https:\/\/blogdoedvaldomagalhaes.com.br\/index.php\/wp-json\/wp\/v2\/categories?post=93954"},{"taxonomy":"post_tag","embeddable":true,"href":"https:\/\/blogdoedvaldomagalhaes.com.br\/index.php\/wp-json\/wp\/v2\/tags?post=93954"}],"curies":[{"name":"wp","href":"https:\/\/api.w.org\/{rel}","templated":true}]}}