{"id":93941,"date":"2023-03-13T21:03:47","date_gmt":"2023-03-14T00:03:47","guid":{"rendered":"https:\/\/blogdoedvaldomagalhaes.com.br\/?p=93941"},"modified":"2023-03-13T21:03:48","modified_gmt":"2023-03-14T00:03:48","slug":"prefeitura-de-caruaru-disponibiliza-gabaritos-das-provas-do-concurso-da-secretaria-da-fazenda","status":"publish","type":"post","link":"https:\/\/blogdoedvaldomagalhaes.com.br\/index.php\/2023\/03\/13\/prefeitura-de-caruaru-disponibiliza-gabaritos-das-provas-do-concurso-da-secretaria-da-fazenda\/","title":{"rendered":"Prefeitura de Caruaru disponibiliza gabaritos das provas do concurso da Secretaria da Fazenda"},"content":{"rendered":"<p style=\"text-align: justify;\"><span style=\"color: initial; font-size: revert;\">Foram publicados nesta segunda-feira (13) os gabaritos preliminares das provas objetivas do concurso p\u00fablico da Prefeitura de Caruaru para a Secretaria da Fazenda (Sefaz), realizadas neste domingo (12), no munic\u00edpio. O certame prev\u00ea o preenchimento de 24 vagas, sendo quatro para o cargo de auditor fiscal (n\u00edvel superior) e 20 para t\u00e9cnico fazend\u00e1rio (ensino m\u00e9dio).<\/span><\/p>\n<p style=\"text-align: justify;\">Para fazer a consulta, os candidatos dever\u00e3o acessar o site da Prefeitura de Caruaru, no banner \u201cConcurso P\u00fablico\u201d, que fica na p\u00e1gina inicial, hospedado neste link: https:\/\/www.ibam-concursos.org.br\/documento.asp?cod=145. Ele leva direto a pagina do IBAM que cont\u00e9m os anexos com todas as informa\u00e7\u00f5es do concurso da Sefaz. \u00c9 onde o candidato dever\u00e1 localizar o edital \u201cPrefeitura de Caruaru\/PE Ed.01\/2022-CP\u201d para clicar no link \u201cdocumenta\u00e7\u00e3o do concurso\u201d e em seguida, clicar tamb\u00e9m no documento do gabarito, onde o arquivo estar\u00e1 dispon\u00edvel. O link para seguir direto para o gabarito \u00e9: https:\/\/www.ibam-concursos.org.br\/documento\/gabp-sefaz.ca.pdf .<\/p>\n<p style=\"text-align: justify;\">Os gabaritos ser\u00e3o disponibilizados tamb\u00e9m no Mural Oficial de Atos da Prefeitura de Caruaru, da Secretaria de Administra\u00e7\u00e3o (SAD), que fica no t\u00e9rreo do Centro Administrativo I, na Rua Professor Lourival Vilanova, 118, bairro Universit\u00e1rio. O atendimento \u00e9 de segunda a sexta, das 08h \u00e0s 14h<\/p>\n<p style=\"text-align: justify;\">Os candidatos ter\u00e3o o prazo de dois dias, entre 14 e 15 de mar\u00e7o de 2023, para interposi\u00e7\u00e3o de recursos, conforme previsto no item 8 do Edital da Secretaria da Fazenda (Sefaz), publicado no dia 21.12.2022, sob o n\u00famero 01\/2022.<\/p>\n<p style=\"text-align: justify;\">A realiza\u00e7\u00e3o do certame est\u00e1 sendo acompanhada e normatizada pela Secretaria de Administra\u00e7\u00e3o de Caruaru (SAD), e conta com o Instituto Brasileiro de Administra\u00e7\u00e3o Municipal (IBAM) na execu\u00e7\u00e3o do processo seletivo.<\/p>\n<p style=\"text-align: justify;\">*O maior concurso p\u00fablico da hist\u00f3ria de Caruaru*<\/p>\n<p style=\"text-align: justify;\">O concurso p\u00fablico da Prefeitura de Caruaru est\u00e1 sendo realizado de modo faseado, com a publica\u00e7\u00e3o de editais por secretaria, separadamente. A previs\u00e3o \u00e9 preencher cerca de 1.500 vagas at\u00e9 o final dos processos seletivos, em \u00e1reas como Educa\u00e7\u00e3o, Sa\u00fade e Controladoria Geral. Al\u00e9m da Sefaz, j\u00e1 foram lan\u00e7ados os editais da Autarquia de Urbanismo e Meio Ambiente de Caruaru (URB) e do Instituto de Previd\u00eancia dos Servidores P\u00fablicos de Caruaru (Caruaruprev). Foto: Felipe Correia.<\/p>\n<p style=\"text-align: justify;\">Siga o Instagram do Blog @blogdoedvaldomagalhaes<\/p>\n","protected":false},"excerpt":{"rendered":"<p>Foram publicados nesta segunda-feira (13) os gabaritos preliminares das provas objetivas do concurso p\u00fablico da Prefeitura de Caruaru para a&hellip;<\/p>\n","protected":false},"author":1,"featured_media":93942,"comment_status":"closed","ping_status":"open","sticky":false,"template":"","format":"standard","meta":{"footnotes":""},"categories":[14120],"tags":[2,19532,3406,26973],"class_list":["post-93941","post","type-post","status-publish","format-standard","has-post-thumbnail","hentry","category-noticias","tag-blog-do-edvaldo-magalhaes","tag-blog-mais-acessado-e-visualizado-de-caruaru-e-regiao","tag-caruaru","tag-prefeitura-de-caruaru-disponibiliza-gabaritos-das-provas-do-concurso-da-secretaria-da-fazenda"],"_links":{"self":[{"href":"https:\/\/blogdoedvaldomagalhaes.com.br\/index.php\/wp-json\/wp\/v2\/posts\/93941","targetHints":{"allow":["GET"]}}],"collection":[{"href":"https:\/\/blogdoedvaldomagalhaes.com.br\/index.php\/wp-json\/wp\/v2\/posts"}],"about":[{"href":"https:\/\/blogdoedvaldomagalhaes.com.br\/index.php\/wp-json\/wp\/v2\/types\/post"}],"author":[{"embeddable":true,"href":"https:\/\/blogdoedvaldomagalhaes.com.br\/index.php\/wp-json\/wp\/v2\/users\/1"}],"replies":[{"embeddable":true,"href":"https:\/\/blogdoedvaldomagalhaes.com.br\/index.php\/wp-json\/wp\/v2\/comments?post=93941"}],"version-history":[{"count":1,"href":"https:\/\/blogdoedvaldomagalhaes.com.br\/index.php\/wp-json\/wp\/v2\/posts\/93941\/revisions"}],"predecessor-version":[{"id":93943,"href":"https:\/\/blogdoedvaldomagalhaes.com.br\/index.php\/wp-json\/wp\/v2\/posts\/93941\/revisions\/93943"}],"wp:featuredmedia":[{"embeddable":true,"href":"https:\/\/blogdoedvaldomagalhaes.com.br\/index.php\/wp-json\/wp\/v2\/media\/93942"}],"wp:attachment":[{"href":"https:\/\/blogdoedvaldomagalhaes.com.br\/index.php\/wp-json\/wp\/v2\/media?parent=93941"}],"wp:term":[{"taxonomy":"category","embeddable":true,"href":"https:\/\/blogdoedvaldomagalhaes.com.br\/index.php\/wp-json\/wp\/v2\/categories?post=93941"},{"taxonomy":"post_tag","embeddable":true,"href":"https:\/\/blogdoedvaldomagalhaes.com.br\/index.php\/wp-json\/wp\/v2\/tags?post=93941"}],"curies":[{"name":"wp","href":"https:\/\/api.w.org\/{rel}","templated":true}]}}