{"id":93934,"date":"2023-03-13T20:17:45","date_gmt":"2023-03-13T23:17:45","guid":{"rendered":"https:\/\/blogdoedvaldomagalhaes.com.br\/?p=93934"},"modified":"2023-03-13T22:11:41","modified_gmt":"2023-03-14T01:11:41","slug":"policial-e-dois-traficantes-morrem-apos-troca-de-tiros","status":"publish","type":"post","link":"https:\/\/blogdoedvaldomagalhaes.com.br\/index.php\/2023\/03\/13\/policial-e-dois-traficantes-morrem-apos-troca-de-tiros\/","title":{"rendered":"Policial e dois traficantes morrem ap\u00f3s troca de tiros"},"content":{"rendered":"<p style=\"text-align: justify;\">Uma troca de tiros entre policiais militares e traficantes aconteceu na manh\u00e3 desta segunda-feira (14), no Engenho Aripibu, no munic\u00edpio de Ribeir\u00e3o, na Zona da Mata Sul de Pernambuco. O Sargento Jos\u00e9 Filho, conhecido como Jairinho e dois traficantes morreram no confronto, e o terceiro conseguiu fugir. O PM foi socorrido e morreu ao dar entrada em uma unidade hospitalar.<\/p>\n<p style=\"text-align: justify;\">A Pol\u00edcia Militar foi acionada para averiguar den\u00fancia de que indiv\u00edduos armados estariam aterrorizando a comunidade.\u00a0<span style=\"font-size: revert;\">Sargento Jairinho \u00a0era o comandante do DPM de Ribeir\u00e3o montou uma opera\u00e7\u00e3o e o efetivo ao chegar ao local foi recebido a tiros pelos indiv\u00edduos. Foto: Reprodu\u00e7\u00e3o\/Redes Sociais.<\/span><\/p>\n<p><strong>Nota da PMPE\u00a0<\/strong><\/p>\n<p style=\"text-align: justify;\">\u201cA Pol\u00edcia Militar lamenta a morte do sargento Jairo Jos\u00e9 da Silva Filho, 42 anos, ocorrida nesta segunda-feira (13), na Zona Rural de Ribeir\u00e3o, Mata Sul de Pernambuco.<\/p>\n<p style=\"text-align: justify;\">Em seus quase 16 anos de corpora\u00e7\u00e3o, desempenhou seu trabalho com muita dedica\u00e7\u00e3o e profissionalismo em prol da seguran\u00e7a do povo pernambucano. Atualmente, estava lotado no 10\u00ba BPM.<\/p>\n<p style=\"text-align: justify;\">O Policial Militar deixa esposa e dois filhos, familiares e amigos que o guardaram na mem\u00f3ria e no cora\u00e7\u00e3o.\u201d<\/p>\n<p style=\"text-align: justify;\"><span style=\"font-size: revert;\">Siga o Instagram do Blog @blogdoedvaldomagalhaes<\/span><\/p>\n","protected":false},"excerpt":{"rendered":"<p>Uma troca de tiros entre policiais militares e traficantes aconteceu na manh\u00e3 desta segunda-feira (14), no Engenho Aripibu, no munic\u00edpio&hellip;<\/p>\n","protected":false},"author":1,"featured_media":93937,"comment_status":"closed","ping_status":"open","sticky":false,"template":"","format":"standard","meta":{"footnotes":""},"categories":[14121],"tags":[2,19532,3406,26972],"class_list":["post-93934","post","type-post","status-publish","format-standard","has-post-thumbnail","hentry","category-policial","tag-blog-do-edvaldo-magalhaes","tag-blog-mais-acessado-e-visualizado-de-caruaru-e-regiao","tag-caruaru","tag-policial-e-dois-traficantes-morrem-apos-troca-de-tiros"],"_links":{"self":[{"href":"https:\/\/blogdoedvaldomagalhaes.com.br\/index.php\/wp-json\/wp\/v2\/posts\/93934","targetHints":{"allow":["GET"]}}],"collection":[{"href":"https:\/\/blogdoedvaldomagalhaes.com.br\/index.php\/wp-json\/wp\/v2\/posts"}],"about":[{"href":"https:\/\/blogdoedvaldomagalhaes.com.br\/index.php\/wp-json\/wp\/v2\/types\/post"}],"author":[{"embeddable":true,"href":"https:\/\/blogdoedvaldomagalhaes.com.br\/index.php\/wp-json\/wp\/v2\/users\/1"}],"replies":[{"embeddable":true,"href":"https:\/\/blogdoedvaldomagalhaes.com.br\/index.php\/wp-json\/wp\/v2\/comments?post=93934"}],"version-history":[{"count":3,"href":"https:\/\/blogdoedvaldomagalhaes.com.br\/index.php\/wp-json\/wp\/v2\/posts\/93934\/revisions"}],"predecessor-version":[{"id":93945,"href":"https:\/\/blogdoedvaldomagalhaes.com.br\/index.php\/wp-json\/wp\/v2\/posts\/93934\/revisions\/93945"}],"wp:featuredmedia":[{"embeddable":true,"href":"https:\/\/blogdoedvaldomagalhaes.com.br\/index.php\/wp-json\/wp\/v2\/media\/93937"}],"wp:attachment":[{"href":"https:\/\/blogdoedvaldomagalhaes.com.br\/index.php\/wp-json\/wp\/v2\/media?parent=93934"}],"wp:term":[{"taxonomy":"category","embeddable":true,"href":"https:\/\/blogdoedvaldomagalhaes.com.br\/index.php\/wp-json\/wp\/v2\/categories?post=93934"},{"taxonomy":"post_tag","embeddable":true,"href":"https:\/\/blogdoedvaldomagalhaes.com.br\/index.php\/wp-json\/wp\/v2\/tags?post=93934"}],"curies":[{"name":"wp","href":"https:\/\/api.w.org\/{rel}","templated":true}]}}