{"id":93924,"date":"2023-03-13T19:48:54","date_gmt":"2023-03-13T22:48:54","guid":{"rendered":"https:\/\/blogdoedvaldomagalhaes.com.br\/?p=93924"},"modified":"2023-03-13T20:07:07","modified_gmt":"2023-03-13T23:07:07","slug":"mae-e-presa-em-flagrante-por-torturar-bebes-gemeos-de-3-meses-um-morreu","status":"publish","type":"post","link":"https:\/\/blogdoedvaldomagalhaes.com.br\/index.php\/2023\/03\/13\/mae-e-presa-em-flagrante-por-torturar-bebes-gemeos-de-3-meses-um-morreu\/","title":{"rendered":"M\u00e3e \u00e9 presa em flagrante por torturar beb\u00eas g\u00eameos de 3 meses; um morreu"},"content":{"rendered":"<p style=\"text-align: justify;\">Na madrugada desta segunda-feira (13), a Pol\u00edcia Civil prendeu em flagrante uma mulher que n\u00e3o teve o nome divulgado, de 18 anos de idade, ap\u00f3s torturar os filhos, beb\u00eas g\u00eameos de apenas 3 meses, e um deles n\u00e3o resistiu aos ferimentos e faleceu. O outro est\u00e1 internado com cinco costelas quebradas, no Hospital Bar\u00e3o de Lucena, no bairro da Iputinga, no Recife.<\/p>\n<p style=\"text-align: justify;\">A pol\u00edcia informou que, a mulher foi autuada por tortura, depois que um dos beb\u00eas foi levado ao hospital com les\u00f5es pelo corpo e queimaduras. Os pr\u00f3prios familiares da crian\u00e7a relataram que a m\u00e3e agrediu as crian\u00e7as, e q<span style=\"font-size: revert; color: initial;\">ue o irm\u00e3o g\u00eameo do menino foi encontrado morto dentro de casa, no bairro Charnequinha, no Cabo de Santo Agostinho.<\/span><\/p>\n<p style=\"text-align: justify;\"><span style=\"font-size: revert; color: initial;\">Ainda de acordo com a pol\u00edcia, a mulher batia nos filhos por n\u00e3o ter paci\u00eancia para lidar com os beb\u00eas, sendo l<\/span><span style=\"font-size: revert; color: initial;\">evada \u00e0 delegacia e encaminhada a audi\u00eancia de cust\u00f3dia.<\/span><\/p>\n<p style=\"text-align: justify;\">Foto ilustrativa: Freepik.<\/p>\n<p style=\"text-align: justify;\">Siga o Instagram do Blog @blogdoedvaldomagalhaes<\/p>\n<p style=\"text-align: justify;\">\n","protected":false},"excerpt":{"rendered":"<p>Na madrugada desta segunda-feira (13), a Pol\u00edcia Civil prendeu em flagrante uma mulher que n\u00e3o teve o nome divulgado, de&hellip;<\/p>\n","protected":false},"author":1,"featured_media":93925,"comment_status":"closed","ping_status":"open","sticky":false,"template":"","format":"standard","meta":{"footnotes":""},"categories":[14120],"tags":[2,19532,3406,26971],"class_list":["post-93924","post","type-post","status-publish","format-standard","has-post-thumbnail","hentry","category-noticias","tag-blog-do-edvaldo-magalhaes","tag-blog-mais-acessado-e-visualizado-de-caruaru-e-regiao","tag-caruaru","tag-mae-e-presa-em-flagrante-por-torturar-bebes-gemeos-de-3-meses-um-morreu"],"_links":{"self":[{"href":"https:\/\/blogdoedvaldomagalhaes.com.br\/index.php\/wp-json\/wp\/v2\/posts\/93924","targetHints":{"allow":["GET"]}}],"collection":[{"href":"https:\/\/blogdoedvaldomagalhaes.com.br\/index.php\/wp-json\/wp\/v2\/posts"}],"about":[{"href":"https:\/\/blogdoedvaldomagalhaes.com.br\/index.php\/wp-json\/wp\/v2\/types\/post"}],"author":[{"embeddable":true,"href":"https:\/\/blogdoedvaldomagalhaes.com.br\/index.php\/wp-json\/wp\/v2\/users\/1"}],"replies":[{"embeddable":true,"href":"https:\/\/blogdoedvaldomagalhaes.com.br\/index.php\/wp-json\/wp\/v2\/comments?post=93924"}],"version-history":[{"count":5,"href":"https:\/\/blogdoedvaldomagalhaes.com.br\/index.php\/wp-json\/wp\/v2\/posts\/93924\/revisions"}],"predecessor-version":[{"id":93933,"href":"https:\/\/blogdoedvaldomagalhaes.com.br\/index.php\/wp-json\/wp\/v2\/posts\/93924\/revisions\/93933"}],"wp:featuredmedia":[{"embeddable":true,"href":"https:\/\/blogdoedvaldomagalhaes.com.br\/index.php\/wp-json\/wp\/v2\/media\/93925"}],"wp:attachment":[{"href":"https:\/\/blogdoedvaldomagalhaes.com.br\/index.php\/wp-json\/wp\/v2\/media?parent=93924"}],"wp:term":[{"taxonomy":"category","embeddable":true,"href":"https:\/\/blogdoedvaldomagalhaes.com.br\/index.php\/wp-json\/wp\/v2\/categories?post=93924"},{"taxonomy":"post_tag","embeddable":true,"href":"https:\/\/blogdoedvaldomagalhaes.com.br\/index.php\/wp-json\/wp\/v2\/tags?post=93924"}],"curies":[{"name":"wp","href":"https:\/\/api.w.org\/{rel}","templated":true}]}}