{"id":93915,"date":"2023-03-13T19:00:35","date_gmt":"2023-03-13T22:00:35","guid":{"rendered":"https:\/\/blogdoedvaldomagalhaes.com.br\/?p=93915"},"modified":"2023-03-13T19:08:03","modified_gmt":"2023-03-13T22:08:03","slug":"confira-a-programacao-do-mes-da-mulher-em-caruaru-desta-semana","status":"publish","type":"post","link":"https:\/\/blogdoedvaldomagalhaes.com.br\/index.php\/2023\/03\/13\/confira-a-programacao-do-mes-da-mulher-em-caruaru-desta-semana\/","title":{"rendered":"Confira a programa\u00e7\u00e3o do M\u00eas da Mulher em Caruaru, desta semana"},"content":{"rendered":"<p style=\"text-align: justify;\"><span style=\"color: initial; font-size: revert;\">As atividades do m\u00eas da mulher continuam at\u00e9 o dia 31 de mar\u00e7o. E, nesta semana, muitas a\u00e7\u00f5es est\u00e3o programadas pela Prefeitura de Caruaru, por meio da Secretaria de Pol\u00edticas para Mulheres (SPM). Rodas de di\u00e1logo, palestras, oficinas, formatura, entre outras a\u00e7\u00f5es e atividades, est\u00e3o na programa\u00e7\u00e3o. A semana foi iniciada no domingo, 12, no sal\u00e3o de festas do Residencial Severino Quirino, onde foi realizada uma roda de di\u00e1logo sobre os direitos das mulheres.<\/span><\/p>\n<p style=\"text-align: justify;\">Nesta segunda-feira (13), pela manh\u00e3, na Feira da Sulanca, a equipe do SPM ofereceu frutas, doadas pela Central de Abastecimento de Caruaru (Ceaca), \u00e0s mulheres, al\u00e9m das a\u00e7\u00f5es de acolhimento e orienta\u00e7\u00f5es sobre o enfrentamento da viol\u00eancia contra a mulher. \u00c0 tarde, houve uma roda de di\u00e1logo sobre o 8 de mar\u00e7o com um grupo de mulheres, no Centro Integrado de Direitos Humanos (CIDH), localizado na rua Francisco Joaquim, 557, bairro Maur\u00edcio de Nassau.<\/p>\n<p style=\"text-align: justify;\">Na tarde da ter\u00e7a-feira (14), \u00e0s 14h, a SPM, em parceria com a Asces\/Unita, vai promover uma forma\u00e7\u00e3o do N\u00facleo de G\u00eanero e Diversidade (Nugen), com a C\u00e2mara T\u00e9cnica de Enfrentamento \u00e0 Viol\u00eancia de G\u00eanero (CTEVG), C\u00e2mara T\u00e9cnica de Enfrentamento \u00e0 Viol\u00eancia Obst\u00e9trica (CTEVO) e o Conselho Municipal da Mulher (CMM), no Audit\u00f3rio Antonieta de Barros (SPM).<\/p>\n<p style=\"text-align: justify;\">J\u00e1 na quarta (15), muitas atividades est\u00e3o programadas. Pela manh\u00e3, \u00e0s 9h, ter\u00e1 o Caf\u00e9 e Prosa, na Associa\u00e7\u00e3o das Pessoas com Defici\u00eancia de Caruaru (Apodec); uma roda de di\u00e1logo sobre viol\u00eancia, com Stephanie Fechinni, no Programa Atitude; e, no Audit\u00f3rio Antonieta de Barros, na SPM, estar\u00e1 acontecendo o programa Cuidar de Quem Cuida. \u00c0s 10h, ser\u00e1 realizada reuni\u00e3o com o Movimento de Mulheres Trabalhadoras Rurais, na sede da associa\u00e7\u00e3o, localizada na rua Lu\u00eds Gonzaga Etevaldo Gomes, 40, bairro Pinheir\u00f3polis.<\/p>\n<p style=\"text-align: justify;\">Na tarde da quarta-feira (15), todas as atividades ter\u00e3o in\u00edcio \u00e0s 14h: haver\u00e1 mais uma roda de di\u00e1logo com Stephanie Fechinni, do Programa Atitude; oficina de suculentas, no Centro de Refer\u00eancia da Mulher (CRM) e momentos de beleza, com maquiagem e massagem, no Cras de Taquara\/ Residencial Luiz Bezerra Torres.<\/p>\n<p style=\"text-align: justify;\">Dia 16, quinta-feira, pela manh\u00e3, estar\u00e3o sendo realizadas citologias onc\u00f3ticas, na sede da SPM, e, \u00e0s 9h, haver\u00e1 um aul\u00e3o de Zumba, no distrito de Ita\u00fana. Na tarde da quinta-feira (16), das 14h \u00e0s 16h, ser\u00e1 realizada a formatura do curso de Croch\u00ea, no Audit\u00f3rio Antonieta de Barros (SPM). Tamb\u00e9m \u00e0s 14h, ser\u00e1 proferida uma palestra em alus\u00e3o ao Dia Internacional da Mulher, no Cras do Centen\u00e1rio.<\/p>\n<p style=\"text-align: justify;\">As atividades e a\u00e7\u00f5es da semana ser\u00e3o encerradas no s\u00e1bado (18), com a oficina de suculentas, das 14h \u00e0s 16h, na Associa\u00e7\u00e3o Mundo Azul (AMA). Foto: Jorge Farias.<\/p>\n<p style=\"text-align: justify;\">Siga o Instagram do Blog @blogdoedvaldomagalhaes<\/p>\n","protected":false},"excerpt":{"rendered":"<p>As atividades do m\u00eas da mulher continuam at\u00e9 o dia 31 de mar\u00e7o. E, nesta semana, muitas a\u00e7\u00f5es est\u00e3o programadas&hellip;<\/p>\n","protected":false},"author":1,"featured_media":93916,"comment_status":"closed","ping_status":"open","sticky":false,"template":"","format":"standard","meta":{"footnotes":""},"categories":[14120],"tags":[2,19532,3406,26970],"class_list":["post-93915","post","type-post","status-publish","format-standard","has-post-thumbnail","hentry","category-noticias","tag-blog-do-edvaldo-magalhaes","tag-blog-mais-acessado-e-visualizado-de-caruaru-e-regiao","tag-caruaru","tag-confira-a-programacao-do-mes-da-mulher-em-caruaru-desta-semana"],"_links":{"self":[{"href":"https:\/\/blogdoedvaldomagalhaes.com.br\/index.php\/wp-json\/wp\/v2\/posts\/93915","targetHints":{"allow":["GET"]}}],"collection":[{"href":"https:\/\/blogdoedvaldomagalhaes.com.br\/index.php\/wp-json\/wp\/v2\/posts"}],"about":[{"href":"https:\/\/blogdoedvaldomagalhaes.com.br\/index.php\/wp-json\/wp\/v2\/types\/post"}],"author":[{"embeddable":true,"href":"https:\/\/blogdoedvaldomagalhaes.com.br\/index.php\/wp-json\/wp\/v2\/users\/1"}],"replies":[{"embeddable":true,"href":"https:\/\/blogdoedvaldomagalhaes.com.br\/index.php\/wp-json\/wp\/v2\/comments?post=93915"}],"version-history":[{"count":1,"href":"https:\/\/blogdoedvaldomagalhaes.com.br\/index.php\/wp-json\/wp\/v2\/posts\/93915\/revisions"}],"predecessor-version":[{"id":93917,"href":"https:\/\/blogdoedvaldomagalhaes.com.br\/index.php\/wp-json\/wp\/v2\/posts\/93915\/revisions\/93917"}],"wp:featuredmedia":[{"embeddable":true,"href":"https:\/\/blogdoedvaldomagalhaes.com.br\/index.php\/wp-json\/wp\/v2\/media\/93916"}],"wp:attachment":[{"href":"https:\/\/blogdoedvaldomagalhaes.com.br\/index.php\/wp-json\/wp\/v2\/media?parent=93915"}],"wp:term":[{"taxonomy":"category","embeddable":true,"href":"https:\/\/blogdoedvaldomagalhaes.com.br\/index.php\/wp-json\/wp\/v2\/categories?post=93915"},{"taxonomy":"post_tag","embeddable":true,"href":"https:\/\/blogdoedvaldomagalhaes.com.br\/index.php\/wp-json\/wp\/v2\/tags?post=93915"}],"curies":[{"name":"wp","href":"https:\/\/api.w.org\/{rel}","templated":true}]}}