{"id":93912,"date":"2023-03-13T18:43:05","date_gmt":"2023-03-13T21:43:05","guid":{"rendered":"https:\/\/blogdoedvaldomagalhaes.com.br\/?p=93912"},"modified":"2023-03-13T18:43:06","modified_gmt":"2023-03-13T21:43:06","slug":"inscricoes-para-o-edital-de-artistas-que-querem-se-apresentar-no-sao-joao-2023-termina-nesta-quarta-feira","status":"publish","type":"post","link":"https:\/\/blogdoedvaldomagalhaes.com.br\/index.php\/2023\/03\/13\/inscricoes-para-o-edital-de-artistas-que-querem-se-apresentar-no-sao-joao-2023-termina-nesta-quarta-feira\/","title":{"rendered":"Inscri\u00e7\u00f5es para o edital de artistas que querem se apresentar no S\u00e3o Jo\u00e3o 2023 termina nesta quarta-feira"},"content":{"rendered":"<p style=\"text-align: justify;\"><span style=\"color: initial; font-size: revert;\">Lan\u00e7ado no final de fevereiro pela Funda\u00e7\u00e3o de Cultura, as inscri\u00e7\u00f5es para o edital de chamamento p\u00fablico para artistas se apresentarem no S\u00e3o Jo\u00e3o 2023 segue at\u00e9 \u00e0s 18h desta quarta-feira, 15.<\/span><\/p>\n<p style=\"text-align: justify;\">Este ano, as inscri\u00e7\u00f5es est\u00e3o sendo realizadas, exclusivamente, pelo Mapa Cultural de Pernambuco, atrav\u00e9s do link: http:\/\/www.mapacultural.pe.gov.br\/oportunidade\/976<\/p>\n<p style=\"text-align: justify;\">O edital tem como finalidade a habilita\u00e7\u00e3o e sele\u00e7\u00e3o de propostas de atividades art\u00edsticas e culturais para compor a grade de programa\u00e7\u00e3o do S\u00e3o Jo\u00e3o 2023, nos seguintes polos: Luiz Gonzaga; Alto do Moura; Camar\u00e3o; Instrumental Rildo Hora; Repente; Quadrilhas; Azul\u00e3o; Juarez Santiago; Casa Rosa; Infantil; Brincantes; Coreto do Alto do Moura e o S\u00e3o Jo\u00e3o da Ro\u00e7a, que acontecer\u00e1 em 13 localidades diversas.<\/p>\n<p style=\"text-align: justify;\">Podem participar do processo, pessoas jur\u00eddicas de direito privado, de natureza cultural, com ou sem fins lucrativos, que dever\u00e1 estar em pleno funcionamento, por, no m\u00ednimo, seis meses e\/ou comprovar exclusividade do artista ou grupo, por um prazo m\u00ednimo de seis meses, exceto para integrantes do pr\u00f3prio grupo ou banda. Pessoa F\u00edsica maior de 18 anos, que dever\u00e1 comprovar atua\u00e7\u00e3o na atividade de sua inscri\u00e7\u00e3o, h\u00e1 pelo menos seis meses, al\u00e9m do MEI, sendo que este, n\u00e3o pode representar terceiros ou grupos.<\/p>\n<p style=\"text-align: justify;\">A habilita\u00e7\u00e3o das propostas ser\u00e1 por meio da an\u00e1lise documental, realizada por equipes t\u00e9cnicas da Funda\u00e7\u00e3o de Cultura, que assim, passar\u00e3o para segunda fase, a de an\u00e1lise art\u00edstica. Ser\u00e3o consideradas inabilitadas as propostas que n\u00e3o apresentarem os documentos exigidos e\/ou que desobedecer quaisquer regras do edital ou enviar o formul\u00e1rio on-line incompleto ou inadequado.<\/p>\n<p style=\"text-align: justify;\">O resultado final ser\u00e1 divulgado no dia 30 deste m\u00eas.<\/p>\n<p style=\"text-align: justify;\">Siga o Instagram do Blog @blogdoedvaldomagalhaes<\/p>\n","protected":false},"excerpt":{"rendered":"<p>Lan\u00e7ado no final de fevereiro pela Funda\u00e7\u00e3o de Cultura, as inscri\u00e7\u00f5es para o edital de chamamento p\u00fablico para artistas se&hellip;<\/p>\n","protected":false},"author":1,"featured_media":93913,"comment_status":"closed","ping_status":"open","sticky":false,"template":"","format":"standard","meta":{"footnotes":""},"categories":[14120],"tags":[2,19532,3406,26969],"class_list":["post-93912","post","type-post","status-publish","format-standard","has-post-thumbnail","hentry","category-noticias","tag-blog-do-edvaldo-magalhaes","tag-blog-mais-acessado-e-visualizado-de-caruaru-e-regiao","tag-caruaru","tag-inscricoes-para-o-edital-de-artistas-que-querem-se-apresentar-no-sao-joao-2023-termina-nesta-quarta-feira"],"_links":{"self":[{"href":"https:\/\/blogdoedvaldomagalhaes.com.br\/index.php\/wp-json\/wp\/v2\/posts\/93912","targetHints":{"allow":["GET"]}}],"collection":[{"href":"https:\/\/blogdoedvaldomagalhaes.com.br\/index.php\/wp-json\/wp\/v2\/posts"}],"about":[{"href":"https:\/\/blogdoedvaldomagalhaes.com.br\/index.php\/wp-json\/wp\/v2\/types\/post"}],"author":[{"embeddable":true,"href":"https:\/\/blogdoedvaldomagalhaes.com.br\/index.php\/wp-json\/wp\/v2\/users\/1"}],"replies":[{"embeddable":true,"href":"https:\/\/blogdoedvaldomagalhaes.com.br\/index.php\/wp-json\/wp\/v2\/comments?post=93912"}],"version-history":[{"count":1,"href":"https:\/\/blogdoedvaldomagalhaes.com.br\/index.php\/wp-json\/wp\/v2\/posts\/93912\/revisions"}],"predecessor-version":[{"id":93914,"href":"https:\/\/blogdoedvaldomagalhaes.com.br\/index.php\/wp-json\/wp\/v2\/posts\/93912\/revisions\/93914"}],"wp:featuredmedia":[{"embeddable":true,"href":"https:\/\/blogdoedvaldomagalhaes.com.br\/index.php\/wp-json\/wp\/v2\/media\/93913"}],"wp:attachment":[{"href":"https:\/\/blogdoedvaldomagalhaes.com.br\/index.php\/wp-json\/wp\/v2\/media?parent=93912"}],"wp:term":[{"taxonomy":"category","embeddable":true,"href":"https:\/\/blogdoedvaldomagalhaes.com.br\/index.php\/wp-json\/wp\/v2\/categories?post=93912"},{"taxonomy":"post_tag","embeddable":true,"href":"https:\/\/blogdoedvaldomagalhaes.com.br\/index.php\/wp-json\/wp\/v2\/tags?post=93912"}],"curies":[{"name":"wp","href":"https:\/\/api.w.org\/{rel}","templated":true}]}}