{"id":93899,"date":"2023-03-13T10:13:41","date_gmt":"2023-03-13T13:13:41","guid":{"rendered":"https:\/\/blogdoedvaldomagalhaes.com.br\/?p=93899"},"modified":"2023-03-13T19:17:37","modified_gmt":"2023-03-13T22:17:37","slug":"homem-e-assassinado-a-tiros-na-feira-livre-de-caruaru","status":"publish","type":"post","link":"https:\/\/blogdoedvaldomagalhaes.com.br\/index.php\/2023\/03\/13\/homem-e-assassinado-a-tiros-na-feira-livre-de-caruaru\/","title":{"rendered":"Homem \u00e9 assassinado a tiros na feira livre de Caruaru"},"content":{"rendered":"<p style=\"text-align: justify;\">O mec\u00e2nico Josenildo Paulino dos Santos, conhecido popularmente como \u201cBi\u201d, 35 anos de idade, que morava no bairro Rosan\u00f3polis, em Caruaru, foi assassinado a tiros no Parque 18 de Maio. Segundo informa\u00e7\u00f5es, a v\u00edtima e<span style=\"color: initial; font-size: revert;\">stava trabalhando quando chegou um homem e perguntou quem era \u201cBi\u201d, ele disse que era ele e o indiv\u00edduo sacou uma arma de fogo e efetuou v\u00e1rios disparos contra a v\u00edtima que morreu no local. Josenildo Paulino j\u00e1 teve preso por tr\u00e1fico de drogas e passou dez anos na penitenci\u00e1ria.<\/span><\/p>\n<p style=\"text-align: justify;\">Este foi o 11\u00b0 homic\u00eddio no m\u00eas de mar\u00e7o, e o 31\u00b0 no ano de 2023, em Caruaru.<\/p>\n<p style=\"text-align: justify;\"><span style=\"font-size: revert; color: initial;\">Siga o Instagram do Blog e veja v\u00eddeo @blogdoedvaldomagalhaes<\/span><\/p>\n\n\n<figure class=\"wp-block-image size-large\"><img loading=\"lazy\" decoding=\"async\" width=\"850\" height=\"1024\" src=\"https:\/\/blogdoedvaldomagalhaes.com.br\/wp-content\/uploads\/2023\/03\/IMG-20230313-WA0201-850x1024.jpg\" alt=\"\" class=\"wp-image-93918\" srcset=\"https:\/\/blogdoedvaldomagalhaes.com.br\/wp-content\/uploads\/2023\/03\/IMG-20230313-WA0201-850x1024.jpg 850w, https:\/\/blogdoedvaldomagalhaes.com.br\/wp-content\/uploads\/2023\/03\/IMG-20230313-WA0201-249x300.jpg 249w, https:\/\/blogdoedvaldomagalhaes.com.br\/wp-content\/uploads\/2023\/03\/IMG-20230313-WA0201-768x925.jpg 768w, https:\/\/blogdoedvaldomagalhaes.com.br\/wp-content\/uploads\/2023\/03\/IMG-20230313-WA0201-1275x1536.jpg 1275w, https:\/\/blogdoedvaldomagalhaes.com.br\/wp-content\/uploads\/2023\/03\/IMG-20230313-WA0201.jpg 1284w\" sizes=\"auto, (max-width: 850px) 100vw, 850px\" \/><figcaption class=\"wp-element-caption\">Fotos: Blog do Edvaldo Magalh\u00e3es<\/figcaption><\/figure>\n\n\n\n<figure class=\"wp-block-image size-full is-resized\"><img loading=\"lazy\" decoding=\"async\" src=\"https:\/\/blogdoedvaldomagalhaes.com.br\/wp-content\/uploads\/2023\/03\/WhatsApp-Image-2023-03-13-at-10.30.01.jpeg\" alt=\"\" class=\"wp-image-93921\" width=\"346\" height=\"473\" srcset=\"https:\/\/blogdoedvaldomagalhaes.com.br\/wp-content\/uploads\/2023\/03\/WhatsApp-Image-2023-03-13-at-10.30.01.jpeg 293w, https:\/\/blogdoedvaldomagalhaes.com.br\/wp-content\/uploads\/2023\/03\/WhatsApp-Image-2023-03-13-at-10.30.01-220x300.jpeg 220w\" sizes=\"auto, (max-width: 346px) 100vw, 346px\" \/><figcaption class=\"wp-element-caption\">V\u00edtima: Josenildo Paulino dos Santos<\/figcaption><\/figure>\n","protected":false},"excerpt":{"rendered":"<p>O mec\u00e2nico Josenildo Paulino dos Santos, conhecido popularmente como \u201cBi\u201d, 35 anos de idade, que morava no bairro Rosan\u00f3polis, em&hellip;<\/p>\n","protected":false},"author":1,"featured_media":93900,"comment_status":"closed","ping_status":"open","sticky":false,"template":"","format":"standard","meta":{"footnotes":""},"categories":[14121],"tags":[2,19532,3406,26968],"class_list":["post-93899","post","type-post","status-publish","format-standard","has-post-thumbnail","hentry","category-policial","tag-blog-do-edvaldo-magalhaes","tag-blog-mais-acessado-e-visualizado-de-caruaru-e-regiao","tag-caruaru","tag-homem-e-assassinado-a-tiros-na-feira-livre-de-caruaru"],"_links":{"self":[{"href":"https:\/\/blogdoedvaldomagalhaes.com.br\/index.php\/wp-json\/wp\/v2\/posts\/93899","targetHints":{"allow":["GET"]}}],"collection":[{"href":"https:\/\/blogdoedvaldomagalhaes.com.br\/index.php\/wp-json\/wp\/v2\/posts"}],"about":[{"href":"https:\/\/blogdoedvaldomagalhaes.com.br\/index.php\/wp-json\/wp\/v2\/types\/post"}],"author":[{"embeddable":true,"href":"https:\/\/blogdoedvaldomagalhaes.com.br\/index.php\/wp-json\/wp\/v2\/users\/1"}],"replies":[{"embeddable":true,"href":"https:\/\/blogdoedvaldomagalhaes.com.br\/index.php\/wp-json\/wp\/v2\/comments?post=93899"}],"version-history":[{"count":10,"href":"https:\/\/blogdoedvaldomagalhaes.com.br\/index.php\/wp-json\/wp\/v2\/posts\/93899\/revisions"}],"predecessor-version":[{"id":93923,"href":"https:\/\/blogdoedvaldomagalhaes.com.br\/index.php\/wp-json\/wp\/v2\/posts\/93899\/revisions\/93923"}],"wp:featuredmedia":[{"embeddable":true,"href":"https:\/\/blogdoedvaldomagalhaes.com.br\/index.php\/wp-json\/wp\/v2\/media\/93900"}],"wp:attachment":[{"href":"https:\/\/blogdoedvaldomagalhaes.com.br\/index.php\/wp-json\/wp\/v2\/media?parent=93899"}],"wp:term":[{"taxonomy":"category","embeddable":true,"href":"https:\/\/blogdoedvaldomagalhaes.com.br\/index.php\/wp-json\/wp\/v2\/categories?post=93899"},{"taxonomy":"post_tag","embeddable":true,"href":"https:\/\/blogdoedvaldomagalhaes.com.br\/index.php\/wp-json\/wp\/v2\/tags?post=93899"}],"curies":[{"name":"wp","href":"https:\/\/api.w.org\/{rel}","templated":true}]}}