{"id":93812,"date":"2023-03-10T10:09:31","date_gmt":"2023-03-10T13:09:31","guid":{"rendered":"https:\/\/blogdoedvaldomagalhaes.com.br\/?p=93812"},"modified":"2023-03-10T10:24:27","modified_gmt":"2023-03-10T13:24:27","slug":"vereador-mauricio-caruaru-participa-da-35a-rodada-de-negocios-da-moda-pernambucana-ao-lado-do-prefeito-da-governadora","status":"publish","type":"post","link":"https:\/\/blogdoedvaldomagalhaes.com.br\/index.php\/2023\/03\/10\/vereador-mauricio-caruaru-participa-da-35a-rodada-de-negocios-da-moda-pernambucana-ao-lado-do-prefeito-da-governadora\/","title":{"rendered":"Vereador Mauricio Caruaru participa da 35\u00aa Rodada de Neg\u00f3cios da Moda Pernambucana, ao lado do prefeito da governadora"},"content":{"rendered":"<p style=\"text-align: justify;\">Nessa quinta-feira (09), o vereador Mauricio Caruaru esteve presente na 35\u00aa Rodada de Neg\u00f3cios da Moda Pernambucana, que acontece no Polo Caruaru. O evento contou com a presen\u00e7a de v\u00e1rias autoridades, entre elas o prefeito Rodrigo Pinheiro e a governadora de Pernambuco, Raquel Lyra.<\/p>\n<p style=\"text-align: justify;\"><span style=\"font-size: revert;\">O evento \u00e9 realizado pela Associa\u00e7\u00e3o Comercial e Empresarial de Caruaru (Acic) e correalizada pelo Sebrae, segue at\u00e9 esta sexta-feira (10). Com a exposi\u00e7\u00e3o de 140 marcas, a expectativa \u00e9 de que o evento movimente mais de R$ 20 milh\u00f5es na economia, e\u00a0<\/span><span style=\"font-size: revert;\">receber\u00e1 cerca de 500 visitantes de todas as regi\u00f5es do Brasil.<\/span><\/p>\n<p style=\"text-align: justify;\">\u201cO evento \u00e9 uma grande oportunidade para os expositores fazerem networking e prospectarem clientes, proporcionando um crescimento enorme para as empresas que exp\u00f5em seus produtos, chegando em regi\u00f5es que antes n\u00e3o conseguiam por quest\u00f5es de log\u00edstica. Fortalece\u00a0a economia e estimula o setor t\u00eaxtil e de confec\u00e7\u00e3o da regi\u00e3o Agreste, com gera\u00e7\u00e3o de riquezas, de empregos e de impostos\u201d, afirmou Maur\u00edcio Caruaru.<\/p>\n\n\n<figure class=\"wp-block-image size-large\"><img loading=\"lazy\" decoding=\"async\" width=\"1024\" height=\"768\" src=\"https:\/\/blogdoedvaldomagalhaes.com.br\/wp-content\/uploads\/2023\/03\/EDAAFEEB-1787-4D1F-9F85-9607EEC10F4B-1024x768.jpeg\" alt=\"\" class=\"wp-image-93817\" srcset=\"https:\/\/blogdoedvaldomagalhaes.com.br\/wp-content\/uploads\/2023\/03\/EDAAFEEB-1787-4D1F-9F85-9607EEC10F4B-1024x768.jpeg 1024w, https:\/\/blogdoedvaldomagalhaes.com.br\/wp-content\/uploads\/2023\/03\/EDAAFEEB-1787-4D1F-9F85-9607EEC10F4B-300x225.jpeg 300w, https:\/\/blogdoedvaldomagalhaes.com.br\/wp-content\/uploads\/2023\/03\/EDAAFEEB-1787-4D1F-9F85-9607EEC10F4B-768x576.jpeg 768w, https:\/\/blogdoedvaldomagalhaes.com.br\/wp-content\/uploads\/2023\/03\/EDAAFEEB-1787-4D1F-9F85-9607EEC10F4B-160x120.jpeg 160w, https:\/\/blogdoedvaldomagalhaes.com.br\/wp-content\/uploads\/2023\/03\/EDAAFEEB-1787-4D1F-9F85-9607EEC10F4B.jpeg 1280w\" sizes=\"auto, (max-width: 1024px) 100vw, 1024px\" \/><figcaption class=\"wp-element-caption\">Fotos: Divulga\u00e7\u00e3o <\/figcaption><\/figure>\n","protected":false},"excerpt":{"rendered":"<p>Nessa quinta-feira (09), o vereador Mauricio Caruaru esteve presente na 35\u00aa Rodada de Neg\u00f3cios da Moda Pernambucana, que acontece no&hellip;<\/p>\n","protected":false},"author":1,"featured_media":93813,"comment_status":"closed","ping_status":"open","sticky":false,"template":"","format":"standard","meta":{"footnotes":""},"categories":[14122],"tags":[2,19532,3406,26953],"class_list":["post-93812","post","type-post","status-publish","format-standard","has-post-thumbnail","hentry","category-politica","tag-blog-do-edvaldo-magalhaes","tag-blog-mais-acessado-e-visualizado-de-caruaru-e-regiao","tag-caruaru","tag-vereador-mauricio-caruaru-participa-da-35a-rodada-de-negocios-da-moda-pernambucana-ao-lado-do-prefeito-da-governadora"],"_links":{"self":[{"href":"https:\/\/blogdoedvaldomagalhaes.com.br\/index.php\/wp-json\/wp\/v2\/posts\/93812","targetHints":{"allow":["GET"]}}],"collection":[{"href":"https:\/\/blogdoedvaldomagalhaes.com.br\/index.php\/wp-json\/wp\/v2\/posts"}],"about":[{"href":"https:\/\/blogdoedvaldomagalhaes.com.br\/index.php\/wp-json\/wp\/v2\/types\/post"}],"author":[{"embeddable":true,"href":"https:\/\/blogdoedvaldomagalhaes.com.br\/index.php\/wp-json\/wp\/v2\/users\/1"}],"replies":[{"embeddable":true,"href":"https:\/\/blogdoedvaldomagalhaes.com.br\/index.php\/wp-json\/wp\/v2\/comments?post=93812"}],"version-history":[{"count":3,"href":"https:\/\/blogdoedvaldomagalhaes.com.br\/index.php\/wp-json\/wp\/v2\/posts\/93812\/revisions"}],"predecessor-version":[{"id":93819,"href":"https:\/\/blogdoedvaldomagalhaes.com.br\/index.php\/wp-json\/wp\/v2\/posts\/93812\/revisions\/93819"}],"wp:featuredmedia":[{"embeddable":true,"href":"https:\/\/blogdoedvaldomagalhaes.com.br\/index.php\/wp-json\/wp\/v2\/media\/93813"}],"wp:attachment":[{"href":"https:\/\/blogdoedvaldomagalhaes.com.br\/index.php\/wp-json\/wp\/v2\/media?parent=93812"}],"wp:term":[{"taxonomy":"category","embeddable":true,"href":"https:\/\/blogdoedvaldomagalhaes.com.br\/index.php\/wp-json\/wp\/v2\/categories?post=93812"},{"taxonomy":"post_tag","embeddable":true,"href":"https:\/\/blogdoedvaldomagalhaes.com.br\/index.php\/wp-json\/wp\/v2\/tags?post=93812"}],"curies":[{"name":"wp","href":"https:\/\/api.w.org\/{rel}","templated":true}]}}