{"id":93552,"date":"2023-03-02T20:34:03","date_gmt":"2023-03-02T23:34:03","guid":{"rendered":"https:\/\/blogdoedvaldomagalhaes.com.br\/?p=93552"},"modified":"2023-03-02T22:30:11","modified_gmt":"2023-03-03T01:30:11","slug":"4o-homicidio-no-mes-de-marco-em-caruaru-jovem-e-morta-com-tiros-nas-costas","status":"publish","type":"post","link":"https:\/\/blogdoedvaldomagalhaes.com.br\/index.php\/2023\/03\/02\/4o-homicidio-no-mes-de-marco-em-caruaru-jovem-e-morta-com-tiros-nas-costas\/","title":{"rendered":"4\u00ba\u00a0homic\u00eddio no m\u00eas de mar\u00e7o em Caruaru: Jovem \u00e9 morta com tiros nas costas"},"content":{"rendered":"<p style=\"text-align: justify;\">A Pol\u00edcia Civil registrou o quarto homic\u00eddio no m\u00eas de mar\u00e7o em Caruaru. \u00a0Na noite desta quinta-feira (02), a jovem que j\u00e1 teve passagens pela pol\u00edcia por tr\u00e1fico de drogas, J\u00e9ssica \u00a0Arruda Vieira, conhecida como \u201cBarbie do Tr\u00e1fico\u201d, 21 anos de idade, que morava no bairro Adalgiza Nunes, foi assassinada por disparos de arma de fogo nas costas, quando estava em um \u201cMorro do Bar\u00e3o\u201d, localizado na terceira travessa S\u00e3o Salvador, no bairro Salgado. Um jovem que estavam com ela foi atingido por dois tiros, sendo um no bra\u00e7o e outro na perna, sendo socorrido para o Hospital Regional do Agreste (HRA). Ele est\u00e1 usando tornozeleira eletr\u00f4nica e se identificou como Jos\u00e9 Willames da Silva.<\/p>\n<p style=\"text-align: justify;\">Equipes da PM est\u00e3o no local. O corpo vai ser periciado e levado para o IML. A delegacia de Homic\u00eddios do Agreste j\u00e1 iniciou as primeiras investiga\u00e7\u00f5es.<\/p>\n<p>Foto do jornalista: Kalebe Pereira.<\/p>\n<p>Siga o Instagram @blogdoedvaldomagalhaes<\/p>\n\n\n<figure class=\"wp-block-image size-full\"><img loading=\"lazy\" decoding=\"async\" width=\"720\" height=\"720\" src=\"https:\/\/blogdoedvaldomagalhaes.com.br\/wp-content\/uploads\/2023\/03\/93EA6892-80B1-4A6D-98A6-C66568C6B1EE.jpeg\" alt=\"\" class=\"wp-image-93570\" srcset=\"https:\/\/blogdoedvaldomagalhaes.com.br\/wp-content\/uploads\/2023\/03\/93EA6892-80B1-4A6D-98A6-C66568C6B1EE.jpeg 720w, https:\/\/blogdoedvaldomagalhaes.com.br\/wp-content\/uploads\/2023\/03\/93EA6892-80B1-4A6D-98A6-C66568C6B1EE-300x300.jpeg 300w, https:\/\/blogdoedvaldomagalhaes.com.br\/wp-content\/uploads\/2023\/03\/93EA6892-80B1-4A6D-98A6-C66568C6B1EE-150x150.jpeg 150w\" sizes=\"auto, (max-width: 720px) 100vw, 720px\" \/><figcaption class=\"wp-element-caption\">J\u00e9ssica Arruda Vieira <\/figcaption><\/figure>\n","protected":false},"excerpt":{"rendered":"<p>A Pol\u00edcia Civil registrou o quarto homic\u00eddio no m\u00eas de mar\u00e7o em Caruaru. \u00a0Na noite desta quinta-feira (02), a jovem&hellip;<\/p>\n","protected":false},"author":1,"featured_media":93557,"comment_status":"closed","ping_status":"open","sticky":false,"template":"","format":"standard","meta":{"footnotes":""},"categories":[14121],"tags":[26902,2,19532,3406],"class_list":["post-93552","post","type-post","status-publish","format-standard","has-post-thumbnail","hentry","category-policial","tag-4o-homicidio-no-mes-de-marco-em-caruaru-jovem-e-morta-com-tiros-nas-costas","tag-blog-do-edvaldo-magalhaes","tag-blog-mais-acessado-e-visualizado-de-caruaru-e-regiao","tag-caruaru"],"_links":{"self":[{"href":"https:\/\/blogdoedvaldomagalhaes.com.br\/index.php\/wp-json\/wp\/v2\/posts\/93552","targetHints":{"allow":["GET"]}}],"collection":[{"href":"https:\/\/blogdoedvaldomagalhaes.com.br\/index.php\/wp-json\/wp\/v2\/posts"}],"about":[{"href":"https:\/\/blogdoedvaldomagalhaes.com.br\/index.php\/wp-json\/wp\/v2\/types\/post"}],"author":[{"embeddable":true,"href":"https:\/\/blogdoedvaldomagalhaes.com.br\/index.php\/wp-json\/wp\/v2\/users\/1"}],"replies":[{"embeddable":true,"href":"https:\/\/blogdoedvaldomagalhaes.com.br\/index.php\/wp-json\/wp\/v2\/comments?post=93552"}],"version-history":[{"count":12,"href":"https:\/\/blogdoedvaldomagalhaes.com.br\/index.php\/wp-json\/wp\/v2\/posts\/93552\/revisions"}],"predecessor-version":[{"id":93573,"href":"https:\/\/blogdoedvaldomagalhaes.com.br\/index.php\/wp-json\/wp\/v2\/posts\/93552\/revisions\/93573"}],"wp:featuredmedia":[{"embeddable":true,"href":"https:\/\/blogdoedvaldomagalhaes.com.br\/index.php\/wp-json\/wp\/v2\/media\/93557"}],"wp:attachment":[{"href":"https:\/\/blogdoedvaldomagalhaes.com.br\/index.php\/wp-json\/wp\/v2\/media?parent=93552"}],"wp:term":[{"taxonomy":"category","embeddable":true,"href":"https:\/\/blogdoedvaldomagalhaes.com.br\/index.php\/wp-json\/wp\/v2\/categories?post=93552"},{"taxonomy":"post_tag","embeddable":true,"href":"https:\/\/blogdoedvaldomagalhaes.com.br\/index.php\/wp-json\/wp\/v2\/tags?post=93552"}],"curies":[{"name":"wp","href":"https:\/\/api.w.org\/{rel}","templated":true}]}}