{"id":93549,"date":"2023-03-02T20:13:58","date_gmt":"2023-03-02T23:13:58","guid":{"rendered":"https:\/\/blogdoedvaldomagalhaes.com.br\/?p=93549"},"modified":"2023-03-02T20:13:59","modified_gmt":"2023-03-02T23:13:59","slug":"vereador-mano-do-som-solicita-transporte-adequado-para-alunos-da-escola-municipal-leudo-valenca","status":"publish","type":"post","link":"https:\/\/blogdoedvaldomagalhaes.com.br\/index.php\/2023\/03\/02\/vereador-mano-do-som-solicita-transporte-adequado-para-alunos-da-escola-municipal-leudo-valenca\/","title":{"rendered":"Vereador Mano do Som solicita transporte adequado para alunos da Escola Municipal Leudo Valen\u00e7a"},"content":{"rendered":"<p style=\"text-align: justify;\">O vereador Mano do Som, pensando na melhoria dos alunos que est\u00e3o sem transporte para as escolas, requer ao executivo um transporte adequado para os alunos do bairro Jos\u00e9 Liberato, at\u00e9 o bairro Rendeiras, que estudam na escola Municipal Leudo Valen\u00e7a.<\/p>\n<p style=\"text-align: justify;\">\u201cEsse pedido visa atender diretamente o anseio de diversas m\u00e3es, que est\u00e3o sofrendo com a dist\u00e2ncia do bairro Jos\u00e9 Ant\u00f4nio Liberato, at\u00e9 o bairro \u00a0Rendeiras. Pois, n\u00e3o existe ainda uma rota fixa, de transporte escolar, que possa levar e trazer com seguran\u00e7a os alunos da rede p\u00fablica municipal de ensino.\u00a0Diante disto, solicito ao Poder Executivo, em especial a Secretaria de Educa\u00e7\u00e3o, que possa dispor de um transporte adequado para realizar a log\u00edstica de transporte desses estudantes. Garantindo a todos eles, seus pais e familiares, o direito a dignidade humana, bem como a educa\u00e7\u00e3o de qualidade\u201d, afirmou o vereador Mano do Som.<\/p>\n<p style=\"text-align: justify;\">Siga o Instagram do Blog @blogdoedvaldomagalhaes<\/p>\n","protected":false},"excerpt":{"rendered":"<p>O vereador Mano do Som, pensando na melhoria dos alunos que est\u00e3o sem transporte para as escolas, requer ao executivo&hellip;<\/p>\n","protected":false},"author":1,"featured_media":93550,"comment_status":"closed","ping_status":"open","sticky":false,"template":"","format":"standard","meta":{"footnotes":""},"categories":[14122],"tags":[2,19532,3406,26901],"class_list":["post-93549","post","type-post","status-publish","format-standard","has-post-thumbnail","hentry","category-politica","tag-blog-do-edvaldo-magalhaes","tag-blog-mais-acessado-e-visualizado-de-caruaru-e-regiao","tag-caruaru","tag-vereador-mano-do-som-solicita-transporte-adequado-para-alunos-da-escola-municipal-leudo-valenca"],"_links":{"self":[{"href":"https:\/\/blogdoedvaldomagalhaes.com.br\/index.php\/wp-json\/wp\/v2\/posts\/93549","targetHints":{"allow":["GET"]}}],"collection":[{"href":"https:\/\/blogdoedvaldomagalhaes.com.br\/index.php\/wp-json\/wp\/v2\/posts"}],"about":[{"href":"https:\/\/blogdoedvaldomagalhaes.com.br\/index.php\/wp-json\/wp\/v2\/types\/post"}],"author":[{"embeddable":true,"href":"https:\/\/blogdoedvaldomagalhaes.com.br\/index.php\/wp-json\/wp\/v2\/users\/1"}],"replies":[{"embeddable":true,"href":"https:\/\/blogdoedvaldomagalhaes.com.br\/index.php\/wp-json\/wp\/v2\/comments?post=93549"}],"version-history":[{"count":1,"href":"https:\/\/blogdoedvaldomagalhaes.com.br\/index.php\/wp-json\/wp\/v2\/posts\/93549\/revisions"}],"predecessor-version":[{"id":93551,"href":"https:\/\/blogdoedvaldomagalhaes.com.br\/index.php\/wp-json\/wp\/v2\/posts\/93549\/revisions\/93551"}],"wp:featuredmedia":[{"embeddable":true,"href":"https:\/\/blogdoedvaldomagalhaes.com.br\/index.php\/wp-json\/wp\/v2\/media\/93550"}],"wp:attachment":[{"href":"https:\/\/blogdoedvaldomagalhaes.com.br\/index.php\/wp-json\/wp\/v2\/media?parent=93549"}],"wp:term":[{"taxonomy":"category","embeddable":true,"href":"https:\/\/blogdoedvaldomagalhaes.com.br\/index.php\/wp-json\/wp\/v2\/categories?post=93549"},{"taxonomy":"post_tag","embeddable":true,"href":"https:\/\/blogdoedvaldomagalhaes.com.br\/index.php\/wp-json\/wp\/v2\/tags?post=93549"}],"curies":[{"name":"wp","href":"https:\/\/api.w.org\/{rel}","templated":true}]}}