{"id":93546,"date":"2023-03-02T18:22:05","date_gmt":"2023-03-02T21:22:05","guid":{"rendered":"https:\/\/blogdoedvaldomagalhaes.com.br\/?p=93546"},"modified":"2023-03-02T18:22:06","modified_gmt":"2023-03-02T21:22:06","slug":"prefeito-rodrigo-pinheiro-debate-infraestrutura-e-mobilidade-com-representantes-da-feira-da-sulanca","status":"publish","type":"post","link":"https:\/\/blogdoedvaldomagalhaes.com.br\/index.php\/2023\/03\/02\/prefeito-rodrigo-pinheiro-debate-infraestrutura-e-mobilidade-com-representantes-da-feira-da-sulanca\/","title":{"rendered":"Prefeito Rodrigo Pinheiro debate infraestrutura e mobilidade com representantes da Feira da Sulanca"},"content":{"rendered":"<p style=\"text-align: justify;\"><span style=\"font-size: revert;\">Na manh\u00e3 desta quinta-feira (02), o prefeito de Caruaru, Rodrigo Pinheiro, realizou reuni\u00e3o com representantes de associa\u00e7\u00f5es da Feira da Sulanca, al\u00e9m dos secret\u00e1rios municipais, que desempenham a\u00e7\u00f5es ligadas diretamente com a feira que acontece no Parque 18 de Maio.<\/span><\/p>\n<p style=\"text-align: justify;\">Foram debatidas melhorias para o Parque 18 de Maio como infraestrutura, mobilidade e conforto para os(as) compradores(as) que chegam de todo o pa\u00eds a Caruaru. Foi reiterada, em comum acordo com os participantes da reuni\u00e3o, que a Feira da Sulanca continuar\u00e1 nas segundas-feiras, inclusive acontecendo normalmente no pr\u00f3ximo dia 06, feriado estadual da Data Magna em Pernambuco.<\/p>\n<p style=\"text-align: justify;\">\u201cFoi um momento muito importante para ouvir as demandas dos representantes e fazer planejamento de melhorias no Parque 18 de Maio, continuaremos com a mesma data realizando a feira, vamos acolher melhor ainda os vendedores e compradores de todo o pa\u00eds\u201d, pontuou o prefeito, Rodrigo Pinheiro.<\/p>\n<p style=\"text-align: justify;\">Participaram do encontro os representantes do Sindicato dos Lojistas do Com\u00e9rcio de Caruaru (Sindloja), a Associa\u00e7\u00e3o Comercial e Empresarial de Caruaru (Acic), a Associa\u00e7\u00e3o dos Artes\u00e3os e Comerciantes da Feira de Artesanato de Caruaru (Aacfac); bem como a Associa\u00e7\u00e3o Uni\u00e3o dos Sulanqueiros (AUS), a Associa\u00e7\u00e3o dos Sulanqueiros Feirantes de Caruaru (Asfac) e o Empreendimento Fundac. Foto: Elvis \u00c9dson.<br \/>\nSiga o Instagram do Blog @blogdoedvaldomagalhaes<\/p>\n","protected":false},"excerpt":{"rendered":"<p>Na manh\u00e3 desta quinta-feira (02), o prefeito de Caruaru, Rodrigo Pinheiro, realizou reuni\u00e3o com representantes de associa\u00e7\u00f5es da Feira da&hellip;<\/p>\n","protected":false},"author":1,"featured_media":93547,"comment_status":"closed","ping_status":"open","sticky":false,"template":"","format":"standard","meta":{"footnotes":""},"categories":[14122],"tags":[2,19532,3406,26900],"class_list":["post-93546","post","type-post","status-publish","format-standard","has-post-thumbnail","hentry","category-politica","tag-blog-do-edvaldo-magalhaes","tag-blog-mais-acessado-e-visualizado-de-caruaru-e-regiao","tag-caruaru","tag-prefeito-rodrigo-pinheiro-debate-infraestrutura-e-mobilidade-com-representantes-da-feira-da-sulanca"],"_links":{"self":[{"href":"https:\/\/blogdoedvaldomagalhaes.com.br\/index.php\/wp-json\/wp\/v2\/posts\/93546","targetHints":{"allow":["GET"]}}],"collection":[{"href":"https:\/\/blogdoedvaldomagalhaes.com.br\/index.php\/wp-json\/wp\/v2\/posts"}],"about":[{"href":"https:\/\/blogdoedvaldomagalhaes.com.br\/index.php\/wp-json\/wp\/v2\/types\/post"}],"author":[{"embeddable":true,"href":"https:\/\/blogdoedvaldomagalhaes.com.br\/index.php\/wp-json\/wp\/v2\/users\/1"}],"replies":[{"embeddable":true,"href":"https:\/\/blogdoedvaldomagalhaes.com.br\/index.php\/wp-json\/wp\/v2\/comments?post=93546"}],"version-history":[{"count":1,"href":"https:\/\/blogdoedvaldomagalhaes.com.br\/index.php\/wp-json\/wp\/v2\/posts\/93546\/revisions"}],"predecessor-version":[{"id":93548,"href":"https:\/\/blogdoedvaldomagalhaes.com.br\/index.php\/wp-json\/wp\/v2\/posts\/93546\/revisions\/93548"}],"wp:featuredmedia":[{"embeddable":true,"href":"https:\/\/blogdoedvaldomagalhaes.com.br\/index.php\/wp-json\/wp\/v2\/media\/93547"}],"wp:attachment":[{"href":"https:\/\/blogdoedvaldomagalhaes.com.br\/index.php\/wp-json\/wp\/v2\/media?parent=93546"}],"wp:term":[{"taxonomy":"category","embeddable":true,"href":"https:\/\/blogdoedvaldomagalhaes.com.br\/index.php\/wp-json\/wp\/v2\/categories?post=93546"},{"taxonomy":"post_tag","embeddable":true,"href":"https:\/\/blogdoedvaldomagalhaes.com.br\/index.php\/wp-json\/wp\/v2\/tags?post=93546"}],"curies":[{"name":"wp","href":"https:\/\/api.w.org\/{rel}","templated":true}]}}