{"id":93543,"date":"2023-03-02T17:23:11","date_gmt":"2023-03-02T20:23:11","guid":{"rendered":"https:\/\/blogdoedvaldomagalhaes.com.br\/?p=93543"},"modified":"2023-03-02T17:23:11","modified_gmt":"2023-03-02T20:23:11","slug":"anderson-correia-solicita-agilidade-na-marcacao-de-consultas-e-disponibilidade-de-medicamentos-nas-unidades-de-saude-de-caruaru","status":"publish","type":"post","link":"https:\/\/blogdoedvaldomagalhaes.com.br\/index.php\/2023\/03\/02\/anderson-correia-solicita-agilidade-na-marcacao-de-consultas-e-disponibilidade-de-medicamentos-nas-unidades-de-saude-de-caruaru\/","title":{"rendered":"Anderson Correia solicita agilidade na marca\u00e7\u00e3o de consultas e disponibilidade de medicamentos nas unidades de sa\u00fade de Caruaru"},"content":{"rendered":"<p style=\"text-align: justify;\"><span style=\"font-size: revert;\">O vereador Anderson Correia (PP) segue observando as necessidades da popula\u00e7\u00e3o caruaruense, paralelo a sua pauta animalista, e nos \u00faltimos dias, ouviu v\u00e1rias queixas sobre a demora nas marca\u00e7\u00f5es de consultas m\u00e9dicas e sobre a falta de medicamentos nas unidades de sa\u00fade de Caruaru. Por isso, de imediato protocolou um requerimento pedindo \u00e0 Secretaria de Sa\u00fade para que solucione esses problemas que tem afetado diversas fam\u00edlias no munic\u00edpio.<\/span><\/p>\n<p style=\"text-align: justify;\">\u201cA sa\u00fade precisa ter uma aten\u00e7\u00e3o maior sobre as demais demandas existentes na cidade, e quando falta medicamento para a popula\u00e7\u00e3o ou mesmo a demora de consultas m\u00e9dicas, a tend\u00eancia \u00e9 que, quem necessita disso ter\u00e1 seu quadro de sa\u00fade agravado. Por isso, j\u00e1 solicitei essas demandas para a Secretaria de Sa\u00fade, pois todos t\u00eam direito \u00e0 sa\u00fade, como diz nossa Constitui\u00e7\u00e3o Federal no Artigo 196, ent\u00e3o, vamos lutar a todo custo por mais dignidade para as pessoas da nossa Caruaru\u201d, destacou Anderson.<br \/>\nFoto: Vladimir Barreto.<\/p>\n<p style=\"text-align: justify;\">Siga o Instagram do Blog @blogdoedvaldomagalhaes<\/p>\n","protected":false},"excerpt":{"rendered":"<p>O vereador Anderson Correia (PP) segue observando as necessidades da popula\u00e7\u00e3o caruaruense, paralelo a sua pauta animalista, e nos \u00faltimos&hellip;<\/p>\n","protected":false},"author":1,"featured_media":93544,"comment_status":"closed","ping_status":"open","sticky":false,"template":"","format":"standard","meta":{"footnotes":""},"categories":[1],"tags":[26899,2,19532,3406],"class_list":["post-93543","post","type-post","status-publish","format-standard","has-post-thumbnail","hentry","category-sem-categoria","tag-anderson-correia-solicita-agilidade-na-marcacao-de-consultas-e-disponibilidade-de-medicamentos-nas-unidades-de-saude-de-caruaru","tag-blog-do-edvaldo-magalhaes","tag-blog-mais-acessado-e-visualizado-de-caruaru-e-regiao","tag-caruaru"],"_links":{"self":[{"href":"https:\/\/blogdoedvaldomagalhaes.com.br\/index.php\/wp-json\/wp\/v2\/posts\/93543","targetHints":{"allow":["GET"]}}],"collection":[{"href":"https:\/\/blogdoedvaldomagalhaes.com.br\/index.php\/wp-json\/wp\/v2\/posts"}],"about":[{"href":"https:\/\/blogdoedvaldomagalhaes.com.br\/index.php\/wp-json\/wp\/v2\/types\/post"}],"author":[{"embeddable":true,"href":"https:\/\/blogdoedvaldomagalhaes.com.br\/index.php\/wp-json\/wp\/v2\/users\/1"}],"replies":[{"embeddable":true,"href":"https:\/\/blogdoedvaldomagalhaes.com.br\/index.php\/wp-json\/wp\/v2\/comments?post=93543"}],"version-history":[{"count":1,"href":"https:\/\/blogdoedvaldomagalhaes.com.br\/index.php\/wp-json\/wp\/v2\/posts\/93543\/revisions"}],"predecessor-version":[{"id":93545,"href":"https:\/\/blogdoedvaldomagalhaes.com.br\/index.php\/wp-json\/wp\/v2\/posts\/93543\/revisions\/93545"}],"wp:featuredmedia":[{"embeddable":true,"href":"https:\/\/blogdoedvaldomagalhaes.com.br\/index.php\/wp-json\/wp\/v2\/media\/93544"}],"wp:attachment":[{"href":"https:\/\/blogdoedvaldomagalhaes.com.br\/index.php\/wp-json\/wp\/v2\/media?parent=93543"}],"wp:term":[{"taxonomy":"category","embeddable":true,"href":"https:\/\/blogdoedvaldomagalhaes.com.br\/index.php\/wp-json\/wp\/v2\/categories?post=93543"},{"taxonomy":"post_tag","embeddable":true,"href":"https:\/\/blogdoedvaldomagalhaes.com.br\/index.php\/wp-json\/wp\/v2\/tags?post=93543"}],"curies":[{"name":"wp","href":"https:\/\/api.w.org\/{rel}","templated":true}]}}