{"id":93540,"date":"2023-03-02T16:54:28","date_gmt":"2023-03-02T19:54:28","guid":{"rendered":"https:\/\/blogdoedvaldomagalhaes.com.br\/?p=93540"},"modified":"2023-03-02T16:54:29","modified_gmt":"2023-03-02T19:54:29","slug":"vereador-jorge-quintino-solicita-audiencia-publica-e-propoe-pl-para-avanco-do-uso-da-cannabis-medicinal-no-tratamento-de-doencas","status":"publish","type":"post","link":"https:\/\/blogdoedvaldomagalhaes.com.br\/index.php\/2023\/03\/02\/vereador-jorge-quintino-solicita-audiencia-publica-e-propoe-pl-para-avanco-do-uso-da-cannabis-medicinal-no-tratamento-de-doencas\/","title":{"rendered":"Vereador Jorge Quintino solicita audi\u00eancia p\u00fablica e prop\u00f5e PL para avan\u00e7o do uso da cannabis medicinal no tratamento de doen\u00e7as"},"content":{"rendered":"<p style=\"text-align: justify;\"><span style=\"font-size: revert;\">Em meados de, 8000 A.C j\u00e1 existiam registros de cultivo da Cannabis, onde essa planta j\u00e1 demonstrava sua efic\u00e1cia atravez das suas propriedades analg\u00e9sicas, anti-inflamat\u00f3rias, benef\u00edcios na ins\u00f4nia, desordens g\u00e1stricas, febres, v\u00f4mitos e tamb\u00e9m pelas suas propriedades de modifica\u00e7\u00e3o de humor. Atualmente, o Canad\u00e1, Israel, alguns pa\u00edses da Am\u00e9rica Latina e boa parte da Europa possuem programas aprovados pelo Minist\u00e9rio da Sa\u00fade que facilitam o acesso \u00e0 planta e \u00e0 informa\u00e7\u00e3o relacionada a ela, al\u00e9m de 46 estados americanos que possuem leis locais que favorecem o uso medicinal da cannabis.<br \/>\n<\/span><\/p>\n<p style=\"text-align: justify;\"><span style=\"font-size: revert;\">No Brasil, o uso medicinal e terap\u00eautico da cannabis vem ganhando destaque no \u00e2mbito pol\u00edtico. No Congresso Nacional tramitam alguns projetos de lei que tratam sobre o assunto. Ainda, em 11\/12\/2019, a ANVISA publicou resolu\u00e7\u00e3o que passa a disciplinar o uso medicinal da cannabis. Ato cont\u00ednuo, no semin\u00e1rio internacional \u201cCannabis medicinal: um olhar para o futuro\u201d, promovido pela Associa\u00e7\u00e3o de Apoio \u00e0 Pesquisa e Pacientes de Cannabis Medicinal (Apepi), com apoio da Fiocruz, o palestrante e neurocientista Sidarta Ribeiro citou: \u201cQue h\u00e1 v\u00e1rias doen\u00e7as trat\u00e1veis com cannabis.\u201d Entre elas, autismo infantil, carcinoma, distonia, dor cr\u00f4nica, depress\u00e3o, encefalopatia, epilepsia, esclerose, esquizofrenia, fibromialgia, paralisia cerebral, Parkinson, retardo mental e transtorno de desenvolvimento. Outrossim, dentre os benef\u00edcios que a planta traz, ela traz consigo o efeito anticonvulsivo, anti-inflamat\u00f3rio, antidepressivo e anti-hipertensivo, al\u00e9m de ser usado tamb\u00e9m como analg\u00e9sico e no tratamento para aumentar o apetite.<br \/>\n<\/span><\/p>\n<p style=\"text-align: justify;\"><span style=\"font-size: revert;\">O vereador afirmou que \u201cPrecisamos promover o debate sobre o tema de maneira ampla e democr\u00e1tica com a popula\u00e7\u00e3o de Caruaru, estudiosos, associa\u00e7\u00f5es, m\u00e9dicos, pacientes, fam\u00edlias e especialistas se faz necess\u00e1rio e urgente. Todavia, com a realiza\u00e7\u00e3o da audi\u00eancia p\u00fablica, iremos avan\u00e7ar nessa pauta e trazer benef\u00edcios para sa\u00fade da popula\u00e7\u00e3o.\u201d<\/span><\/p>\n<p style=\"text-align: justify;\">O p\u00fablico poder\u00e1 acompanhar a Sess\u00e3o atrav\u00e9s das redes sociais, da TV C\u00e2mara, canal 22.2. Foto: Vladimir Barreto.<\/p>\n<p style=\"text-align: justify;\">Siga o Instagram do Blog @blogdoedvaldomagalhaes<\/p>\n","protected":false},"excerpt":{"rendered":"<p>Em meados de, 8000 A.C j\u00e1 existiam registros de cultivo da Cannabis, onde essa planta j\u00e1 demonstrava sua efic\u00e1cia atravez&hellip;<\/p>\n","protected":false},"author":1,"featured_media":93541,"comment_status":"closed","ping_status":"open","sticky":false,"template":"","format":"standard","meta":{"footnotes":""},"categories":[14122],"tags":[2,19532,3406,26898],"class_list":["post-93540","post","type-post","status-publish","format-standard","has-post-thumbnail","hentry","category-politica","tag-blog-do-edvaldo-magalhaes","tag-blog-mais-acessado-e-visualizado-de-caruaru-e-regiao","tag-caruaru","tag-vereador-jorge-quintino-solicita-audiencia-publica-e-propoe-pl-para-avanco-do-uso-da-cannabis-medicinal-no-tratamento-de-doencas"],"_links":{"self":[{"href":"https:\/\/blogdoedvaldomagalhaes.com.br\/index.php\/wp-json\/wp\/v2\/posts\/93540","targetHints":{"allow":["GET"]}}],"collection":[{"href":"https:\/\/blogdoedvaldomagalhaes.com.br\/index.php\/wp-json\/wp\/v2\/posts"}],"about":[{"href":"https:\/\/blogdoedvaldomagalhaes.com.br\/index.php\/wp-json\/wp\/v2\/types\/post"}],"author":[{"embeddable":true,"href":"https:\/\/blogdoedvaldomagalhaes.com.br\/index.php\/wp-json\/wp\/v2\/users\/1"}],"replies":[{"embeddable":true,"href":"https:\/\/blogdoedvaldomagalhaes.com.br\/index.php\/wp-json\/wp\/v2\/comments?post=93540"}],"version-history":[{"count":1,"href":"https:\/\/blogdoedvaldomagalhaes.com.br\/index.php\/wp-json\/wp\/v2\/posts\/93540\/revisions"}],"predecessor-version":[{"id":93542,"href":"https:\/\/blogdoedvaldomagalhaes.com.br\/index.php\/wp-json\/wp\/v2\/posts\/93540\/revisions\/93542"}],"wp:featuredmedia":[{"embeddable":true,"href":"https:\/\/blogdoedvaldomagalhaes.com.br\/index.php\/wp-json\/wp\/v2\/media\/93541"}],"wp:attachment":[{"href":"https:\/\/blogdoedvaldomagalhaes.com.br\/index.php\/wp-json\/wp\/v2\/media?parent=93540"}],"wp:term":[{"taxonomy":"category","embeddable":true,"href":"https:\/\/blogdoedvaldomagalhaes.com.br\/index.php\/wp-json\/wp\/v2\/categories?post=93540"},{"taxonomy":"post_tag","embeddable":true,"href":"https:\/\/blogdoedvaldomagalhaes.com.br\/index.php\/wp-json\/wp\/v2\/tags?post=93540"}],"curies":[{"name":"wp","href":"https:\/\/api.w.org\/{rel}","templated":true}]}}