{"id":93532,"date":"2023-03-02T14:04:01","date_gmt":"2023-03-02T17:04:01","guid":{"rendered":"https:\/\/blogdoedvaldomagalhaes.com.br\/?p=93532"},"modified":"2023-03-02T14:10:21","modified_gmt":"2023-03-02T17:10:21","slug":"doenca-de-monteiro-da-novela-travessia-herpes-zoster-tem-aumento-de-35","status":"publish","type":"post","link":"https:\/\/blogdoedvaldomagalhaes.com.br\/index.php\/2023\/03\/02\/doenca-de-monteiro-da-novela-travessia-herpes-zoster-tem-aumento-de-35\/","title":{"rendered":"Doen\u00e7a de Monteiro da novela &#8220;Travessia&#8221;, Herpes-z\u00f3ster\u00a0tem aumento de 35%\u00a0"},"content":{"rendered":"<p style=\"text-align: justify;\"><span class=\"s3\" style=\"font-size: revert;\"><span class=\"bumpedFont15\">Quem assiste \u00e0 novela \u201cTravessia\u201d, da rede Globo, j\u00e1 deve ter notado que o personagem Monteiro, interpretado pelo ator Ailton Gra\u00e7a, sofre de herpes <\/span><\/span><span class=\"s3\" style=\"font-size: revert;\"><span class=\"bumpedFont15\">z\u00f3ster<\/span><\/span><span class=\"s3\" style=\"font-size: revert;\"><span class=\"bumpedFont15\">. A doen\u00e7a, popularmente conhecida como cobreiro, registrou um aumento de 35% nos casos e continua preocupando as autoridades de sa\u00fade. A doen\u00e7a \u00e9 causada pelo mesmo v\u00edrus que provoca a catapora, o <\/span><\/span><span class=\"s3\" style=\"font-size: revert;\"><span class=\"bumpedFont15\">varicella-z\u00f3ster<\/span><\/span><span class=\"s3\" style=\"font-size: revert;\"><span class=\"bumpedFont15\">, quando este n\u00e3o \u00e9 completamente eliminado do corpo e fica alojado em algum nervo. Segundo dados dos Centers for <\/span><\/span><span class=\"s3\" style=\"font-size: revert;\"><span class=\"bumpedFont15\">Disease<\/span><\/span> <span class=\"s3\" style=\"font-size: revert;\"><span class=\"bumpedFont15\">Control<\/span><\/span> <span class=\"s3\" style=\"font-size: revert;\"><span class=\"bumpedFont15\">and<\/span><\/span> <span class=\"s3\" style=\"font-size: revert;\"><span class=\"bumpedFont15\">Prevention<\/span><\/span><span class=\"s3\" style=\"font-size: revert;\"><span class=\"bumpedFont15\"> (CDC), nos Estados Unidos, uma a cada tr\u00eas pessoas desenvolver\u00e1 herpes zoster em algum momento da vida.<\/span><\/span><\/p>\n<p style=\"text-align: justify;\"><span class=\"s3\"><span class=\"bumpedFont15\">O aumento de casos foi apontado pelo estudo realizado pela Universidade Estadual de Montes Claros (<\/span><\/span><span class=\"s3\"><span class=\"bumpedFont15\">Unimontes<\/span><\/span><span class=\"s3\"><span class=\"bumpedFont15\">). Os casos foram registrados durante os dois anos da pandemia do novo <\/span><\/span><span class=\"s3\"><span class=\"bumpedFont15\">coronav\u00edrus<\/span><\/span><span class=\"s3\"><span class=\"bumpedFont15\"> e continuam em alta. Quando somos expostos a situa\u00e7\u00f5es que baixam nossa imunidade, como estresse ou contrair covid-19, por exemplo, o v\u00edrus pode ser reativado, causando o herpes <\/span><\/span><span class=\"s3\"><span class=\"bumpedFont15\">z\u00f3ster<\/span><\/span><span class=\"s3\"><span class=\"bumpedFont15\">. A doen\u00e7a \u00e9 mais comum na faixa et\u00e1ria acima dos 50 anos, mas pode atingir pessoas de qualquer idade.<\/span><\/span><\/p>\n<p style=\"text-align: justify;\"><span class=\"s3\"><span class=\"bumpedFont15\">O herpes <\/span><\/span><span class=\"s3\"><span class=\"bumpedFont15\">z\u00f3ster<\/span><\/span> <span class=\"s3\"><span class=\"bumpedFont15\">\u00e9 caracterizado pelas les\u00f5es (normalmente bolhas) na pele e <\/span><\/span><span class=\"s3\"><span class=\"bumpedFont15\">pode<\/span><\/span><span class=\"s3\"><span class=\"bumpedFont15\"> variar de acordo com a \u00e1rea afetada<\/span><\/span><span class=\"s3\"><span class=\"bumpedFont15\">, sendo tratado com medicamentos antivirais<\/span><\/span><span class=\"s3\"><span class=\"bumpedFont15\">. Quando o v\u00edrus atinge o nervo facial ou o nervo vest\u00edbulo-coclear, \u00e9 chamado de herpes zoster \u00f3tico,<\/span><\/span><span class=\"s3\"><span class=\"bumpedFont15\"> tamb\u00e9m conhecido com <\/span><\/span><span class=\"s3\"><span class=\"bumpedFont15\">S<\/span><\/span><span class=\"s3\"><span class=\"bumpedFont15\">\u00edndrome de <\/span><\/span><span class=\"s3\"><span class=\"bumpedFont15\">Ramsay<\/span><\/span><span class=\"s3\"><span class=\"bumpedFont15\"> Hunt,<\/span><\/span><span class=\"s3\"><span class=\"bumpedFont15\"> condi\u00e7\u00e3o que atingiu recentemente o cantor Justin <\/span><\/span><span class=\"s3\"><span class=\"bumpedFont15\">Bieber<\/span><\/span><span class=\"s3\"><span class=\"bumpedFont15\">.<\/span><\/span><\/p>\n<p style=\"text-align: justify;\"><span class=\"s3\"><span class=\"bumpedFont15\">A otorrinolaringologista K\u00e1tia Virg\u00ednia, do HOPE, hospital que integra a rede Vision <\/span><\/span><span class=\"s3\"><span class=\"bumpedFont15\">One<\/span><\/span><span class=\"s3\"><span class=\"bumpedFont15\">, alerta que <\/span><\/span><span class=\"s3\"><span class=\"bumpedFont15\">geralmente \u00e9 a dor de ouvido o primeiro ind\u00edcio da doen\u00e7a. \u201cGeralmente \u00e9 o sintoma inicial, e <\/span><\/span><span class=\"s3\"><span class=\"bumpedFont15\">em alguns casos<\/span><\/span><span class=\"s3\"><span class=\"bumpedFont15\"> o paciente procura uma emerg\u00eancia e os exames n\u00e3o detectam nada. S\u00f3 horas depois ou no dia seguinte aparecem outros sintomas como a paralisia facial, dor no ouvido, diminui\u00e7\u00e3o da audi\u00e7\u00e3o, t<\/span><\/span><span class=\"s3\"><span class=\"bumpedFont15\">onturas e forma\u00e7\u00e3o de bolhas na regi\u00e3o da orelha no lado atingido\u201d, explica a especialista do HOPE.<\/span><\/span><\/p>\n<p style=\"text-align: justify;\"><span class=\"s3\"><span class=\"bumpedFont15\">Quando o herpes <\/span><\/span><span class=\"s3\"><span class=\"bumpedFont15\">z\u00f3ster<\/span><\/span><span class=\"s3\"><span class=\"bumpedFont15\"> acomete o nervo oft\u00e1lmico, se manifesta na sua forma oft\u00e1lmica, atingindo a vis\u00e3o. O oftalmologista Pedro Soriano, tamb\u00e9m do HOPE, <\/span><\/span><span class=\"s3\"><span class=\"bumpedFont15\">adverte<\/span><\/span><span class=\"s3\"><span class=\"bumpedFont15\"> que a condi\u00e7\u00e3o pode causar at\u00e9 mesmo cegueira. \u201c<\/span><\/span><span class=\"s3\"><span class=\"bumpedFont15\">O acometimento do nervo oft\u00e1lmico atinge cerca de 25 % dos pacientes e pode ocasionar perda da qualidade visual, porque danifica diversas estruturas do globo ocular, como a c\u00f3rnea e a retina.<\/span><\/span><span class=\"s3\"><span class=\"bumpedFont15\"> Os principais sintomas, al\u00e9m das <\/span><\/span><span class=\"s3\"><span class=\"bumpedFont15\">erup\u00e7\u00f5es na pele e dor em geral s\u00e3o <\/span><\/span><span class=\"s3\"><span class=\"bumpedFont15\">emba\u00e7amento<\/span><\/span><span class=\"s3\"><span class=\"bumpedFont15\"> visual, hiperemia (olho vermelho) e les\u00f5es nas p\u00e1lpebras\u201d, afirma o oftalmologista Pedro Soriano.<\/span><\/span><\/p>\n<p style=\"text-align: justify;\"><span class=\"s3\"><span class=\"bumpedFont15\">A melhor forma de prevenir o herpes <\/span><\/span><span class=\"s3\"><span class=\"bumpedFont15\">z\u00f3ster<\/span><\/span><span class=\"s3\"><span class=\"bumpedFont15\"> \u00e9 a vacina\u00e7\u00e3o. A <\/span><\/span><span class=\"s3\"><span class=\"bumpedFont15\">respons\u00e1vel t\u00e9cnica pelo HOPE Vacinas, <\/span><\/span><span class=\"s3\"><span class=\"bumpedFont15\">Anal\u00edria<\/span><\/span><span class=\"s3\"><span class=\"bumpedFont15\"> Pimentel,<\/span><\/span><span class=\"s3\"><span class=\"bumpedFont15\"> conta que j\u00e1 existem dois imunizantes eficazes contra o v\u00edrus. \u201cA melhor delas \u00e9 a <\/span><\/span><span class=\"s3\"><span class=\"bumpedFont15\">herpes <\/span><\/span><span class=\"s3\"><span class=\"bumpedFont15\">z\u00f3ster<\/span><\/span><span class=\"s3\"><span class=\"bumpedFont15\"> recombinante ou <\/span><\/span><span class=\"s3\"><span class=\"bumpedFont15\">Shingrix<\/span><\/span><span class=\"s3\"><span class=\"bumpedFont15\">, indicada para pessoas acima de 50 anos ou acima dos 18 com risco elevado de contrair a doen\u00e7a. A<\/span><\/span><span class=\"s3\"><span class=\"bumpedFont15\">Shingrix<\/span><\/span><span class=\"s3\"><span class=\"bumpedFont15\">, a<\/span><\/span><span class=\"s3\"><span class=\"bumpedFont15\">o contr\u00e1rio do outro imunizante, o <\/span><\/span><span class=\"s3\"><span class=\"bumpedFont15\">Zostavax<\/span><\/span><span class=\"s3\"><span class=\"bumpedFont15\">, n\u00e3o tem indica\u00e7\u00e3o para pessoas <\/span><\/span><span class=\"s3\"><span class=\"bumpedFont15\">imunossuprimidas<\/span><\/span><span class=\"s3\"><span class=\"bumpedFont15\">\u201d, orienta a infectologista do HOPE.<\/span><\/span><\/p>\n\n\n<figure class=\"wp-block-image size-full is-resized\"><img loading=\"lazy\" decoding=\"async\" src=\"https:\/\/blogdoedvaldomagalhaes.com.br\/wp-content\/uploads\/2023\/03\/7CAE092C-C0F5-4706-85C4-37A27A24A1E6.jpeg\" alt=\"\" class=\"wp-image-93536\" width=\"424\" height=\"635\" srcset=\"https:\/\/blogdoedvaldomagalhaes.com.br\/wp-content\/uploads\/2023\/03\/7CAE092C-C0F5-4706-85C4-37A27A24A1E6.jpeg 683w, https:\/\/blogdoedvaldomagalhaes.com.br\/wp-content\/uploads\/2023\/03\/7CAE092C-C0F5-4706-85C4-37A27A24A1E6-200x300.jpeg 200w\" sizes=\"auto, (max-width: 424px) 100vw, 424px\" \/><figcaption class=\"wp-element-caption\">Otorrinolaringologista K\u00e1tia Virg\u00ednia<\/figcaption><\/figure>\n","protected":false},"excerpt":{"rendered":"<p>Quem assiste \u00e0 novela \u201cTravessia\u201d, da rede Globo, j\u00e1 deve ter notado que o personagem Monteiro, interpretado pelo ator Ailton&hellip;<\/p>\n","protected":false},"author":1,"featured_media":93533,"comment_status":"closed","ping_status":"open","sticky":false,"template":"","format":"standard","meta":{"footnotes":""},"categories":[14120],"tags":[2,19532,3406,26897],"class_list":["post-93532","post","type-post","status-publish","format-standard","has-post-thumbnail","hentry","category-noticias","tag-blog-do-edvaldo-magalhaes","tag-blog-mais-acessado-e-visualizado-de-caruaru-e-regiao","tag-caruaru","tag-doenca-de-monteiro-da-novela-travessia-herpes-zoster-tem-aumento-de-35"],"_links":{"self":[{"href":"https:\/\/blogdoedvaldomagalhaes.com.br\/index.php\/wp-json\/wp\/v2\/posts\/93532","targetHints":{"allow":["GET"]}}],"collection":[{"href":"https:\/\/blogdoedvaldomagalhaes.com.br\/index.php\/wp-json\/wp\/v2\/posts"}],"about":[{"href":"https:\/\/blogdoedvaldomagalhaes.com.br\/index.php\/wp-json\/wp\/v2\/types\/post"}],"author":[{"embeddable":true,"href":"https:\/\/blogdoedvaldomagalhaes.com.br\/index.php\/wp-json\/wp\/v2\/users\/1"}],"replies":[{"embeddable":true,"href":"https:\/\/blogdoedvaldomagalhaes.com.br\/index.php\/wp-json\/wp\/v2\/comments?post=93532"}],"version-history":[{"count":2,"href":"https:\/\/blogdoedvaldomagalhaes.com.br\/index.php\/wp-json\/wp\/v2\/posts\/93532\/revisions"}],"predecessor-version":[{"id":93537,"href":"https:\/\/blogdoedvaldomagalhaes.com.br\/index.php\/wp-json\/wp\/v2\/posts\/93532\/revisions\/93537"}],"wp:featuredmedia":[{"embeddable":true,"href":"https:\/\/blogdoedvaldomagalhaes.com.br\/index.php\/wp-json\/wp\/v2\/media\/93533"}],"wp:attachment":[{"href":"https:\/\/blogdoedvaldomagalhaes.com.br\/index.php\/wp-json\/wp\/v2\/media?parent=93532"}],"wp:term":[{"taxonomy":"category","embeddable":true,"href":"https:\/\/blogdoedvaldomagalhaes.com.br\/index.php\/wp-json\/wp\/v2\/categories?post=93532"},{"taxonomy":"post_tag","embeddable":true,"href":"https:\/\/blogdoedvaldomagalhaes.com.br\/index.php\/wp-json\/wp\/v2\/tags?post=93532"}],"curies":[{"name":"wp","href":"https:\/\/api.w.org\/{rel}","templated":true}]}}