{"id":93525,"date":"2023-03-02T13:33:31","date_gmt":"2023-03-02T16:33:31","guid":{"rendered":"https:\/\/blogdoedvaldomagalhaes.com.br\/?p=93525"},"modified":"2023-03-02T14:42:56","modified_gmt":"2023-03-02T17:42:56","slug":"banda-comercial-de-caruaru-comemora-123-anos-de-historia-no-cenario-musical-pernambucano","status":"publish","type":"post","link":"https:\/\/blogdoedvaldomagalhaes.com.br\/index.php\/2023\/03\/02\/banda-comercial-de-caruaru-comemora-123-anos-de-historia-no-cenario-musical-pernambucano\/","title":{"rendered":"Banda Comercial de Caruaru comemora 123 anos de hist\u00f3ria no cen\u00e1rio musical pernambucano"},"content":{"rendered":"<p style=\"text-align: justify;\">Nesta quinta-feira dia 02 de mar\u00e7o de 2023 a Banda Comercial comemora 123 anos de hist\u00f3ria no cen\u00e1rio musical pernambucano. A sociedade musical \u00e9 patrim\u00f4nio cultural de Caruaru. Foi fundada em 02 de mar\u00e7o de 1900 pelo professor Vicente Monteiro.<\/p>\n<p>\u201cQuero nesta oportunidade agradecer a todos que fazem parte desta hist\u00f3ria, e lembrarmos tamb\u00e9m dos colegas que j\u00e1 n\u00e3o fazem mais parte desta sociedade musical. Um agradecimento especial para um m\u00fasico que se esfor\u00e7a bastante para que possamos ensaiar que \u00e9 nosso 1*trombonista Osvaldo Chocolate, um par\u00eantese tamb\u00e9m muito especial aos dois m\u00fasicos mais antigos desta sociedade musical que s\u00e3o: o nosso trompetista Severino Biu com mais de 50 anos de banda comercial, mais conhecido como Biu do piston , e o outro \u00e9 Manuel Cirilo, mais conhecido como Man\u00e9 do sax que tem 38 anos de banda comercial. Esses dois m\u00fasicos s\u00e3o exemplos para esta nova gera\u00e7\u00e3o de m\u00fasicos que est\u00e3o chegando agora nesta caminhada sempre dif\u00edcil. Hoje \u00e9 dia de felicidade pela conquista de mais um ano de vida desta que sempre digo que \u00e9 &#8221; a menina dos meus olhos&#8221; Obrigado a todos que constr\u00f3i diariamente esta nossa fam\u00edlia, que se renova a cada dia, \u00a0cada m\u00eas, cada ano\u201d, afirmou o Maestro \u00a0Normando.<\/p>\n<p style=\"text-align: justify;\">Siga o Instagram do Blog do @blogdoedvaldomagalhaes<\/p>\n","protected":false},"excerpt":{"rendered":"<p>Nesta quinta-feira dia 02 de mar\u00e7o de 2023 a Banda Comercial comemora 123 anos de hist\u00f3ria no cen\u00e1rio musical pernambucano.&hellip;<\/p>\n","protected":false},"author":1,"featured_media":93526,"comment_status":"closed","ping_status":"open","sticky":false,"template":"","format":"standard","meta":{"footnotes":""},"categories":[14120],"tags":[26896,2,19532,3406],"class_list":["post-93525","post","type-post","status-publish","format-standard","has-post-thumbnail","hentry","category-noticias","tag-banda-comercial-de-caruaru-comemora-123-anos-de-historia-no-cenario-musical-pernambucano","tag-blog-do-edvaldo-magalhaes","tag-blog-mais-acessado-e-visualizado-de-caruaru-e-regiao","tag-caruaru"],"_links":{"self":[{"href":"https:\/\/blogdoedvaldomagalhaes.com.br\/index.php\/wp-json\/wp\/v2\/posts\/93525","targetHints":{"allow":["GET"]}}],"collection":[{"href":"https:\/\/blogdoedvaldomagalhaes.com.br\/index.php\/wp-json\/wp\/v2\/posts"}],"about":[{"href":"https:\/\/blogdoedvaldomagalhaes.com.br\/index.php\/wp-json\/wp\/v2\/types\/post"}],"author":[{"embeddable":true,"href":"https:\/\/blogdoedvaldomagalhaes.com.br\/index.php\/wp-json\/wp\/v2\/users\/1"}],"replies":[{"embeddable":true,"href":"https:\/\/blogdoedvaldomagalhaes.com.br\/index.php\/wp-json\/wp\/v2\/comments?post=93525"}],"version-history":[{"count":2,"href":"https:\/\/blogdoedvaldomagalhaes.com.br\/index.php\/wp-json\/wp\/v2\/posts\/93525\/revisions"}],"predecessor-version":[{"id":93539,"href":"https:\/\/blogdoedvaldomagalhaes.com.br\/index.php\/wp-json\/wp\/v2\/posts\/93525\/revisions\/93539"}],"wp:featuredmedia":[{"embeddable":true,"href":"https:\/\/blogdoedvaldomagalhaes.com.br\/index.php\/wp-json\/wp\/v2\/media\/93526"}],"wp:attachment":[{"href":"https:\/\/blogdoedvaldomagalhaes.com.br\/index.php\/wp-json\/wp\/v2\/media?parent=93525"}],"wp:term":[{"taxonomy":"category","embeddable":true,"href":"https:\/\/blogdoedvaldomagalhaes.com.br\/index.php\/wp-json\/wp\/v2\/categories?post=93525"},{"taxonomy":"post_tag","embeddable":true,"href":"https:\/\/blogdoedvaldomagalhaes.com.br\/index.php\/wp-json\/wp\/v2\/tags?post=93525"}],"curies":[{"name":"wp","href":"https:\/\/api.w.org\/{rel}","templated":true}]}}